{"id":34032,"date":"2025-07-14T10:38:39","date_gmt":"2025-07-14T09:38:39","guid":{"rendered":"https:\/\/blogs.fu-berlin.de\/bibliotheken\/?p=34032"},"modified":"2025-07-14T11:13:44","modified_gmt":"2025-07-14T10:13:44","slug":"wochenvorschau-der-universitaetsbibliothek-29-kw-fuer-alle-die-mehr-wissen-wollen","status":"publish","type":"post","link":"https:\/\/blogs.fu-berlin.de\/bibliotheken\/2025\/07\/14\/wochenvorschau-der-universitaetsbibliothek-29-kw-fuer-alle-die-mehr-wissen-wollen\/","title":{"rendered":"Wochenvorschau der Universit\u00e4tsbibliothek (29. KW) \u2013 f\u00fcr alle, die mehr wissen wollen!"},"content":{"rendered":"\n<p>Das Angebot an buchbaren Veranstaltungen der 29. Kalenderwoche im \u00dcberblick:<\/p>\n\n\n\n<p><strong>Montag, 14.07.2025 | 14:00\u201315:30<\/strong><br>\u270f\ufe0f <a rel=\"noreferrer noopener\" href=\"https:\/\/www.fu-berlin.de\/sites\/ub\/ueber-uns\/termine\/2025-07-14-workshop-einleitung-expose-abstract.html\" target=\"_blank\">Schreibworkshop: Einleitung, Expos\u00e9, Abstract &#8230; Was ist der Unterschied und was geh\u00f6rt rein?<\/a> (hybrid \u2013 Anmeldung erforderlich)<br>Veranstalterin: Zentralbibibliothek<\/p>\n\n\n\n<p><strong>Dienstag, 15.07.2025 | 10:00\u201311:30<\/strong><br>\ud83e\udde9 <a rel=\"noreferrer noopener\" href=\"https:\/\/www.fu-berlin.de\/sites\/ub\/ueber-uns\/termine\/2025-07-15_zotero-en.html\" target=\"_blank\">Introductory Course to Zotero<\/a> (English presence course \u2013 register in advance)<br>Veranstalterin: Zentralbibibliothek<\/p>\n\n\n\n<p><strong>Dienstag, 15.07.2025 | 16:00\u201317:30<\/strong><br>\u270f\ufe0f <a rel=\"noreferrer noopener\" href=\"https:\/\/www.fu-berlin.de\/sites\/ub\/ueber-uns\/termine\/2025-07-15-workshop-wissenschaftlicher-stil.html\" target=\"_blank\">Schreibworkshop: Was ist wissenschaftlicher Stil?<\/a> (Hybrid-Workshop \u2013 Anmeldung erforderlich)<br>Veranstalterin: Zentralbibliothek<\/p>\n\n\n\n<p><strong>Dienstag, 15.07.2025<\/strong> | <strong>Selbstlernkurs<\/strong><br>\ud83d\udd0d <a rel=\"noreferrer noopener\" href=\"https:\/\/www.wiwiss.fu-berlin.de\/bibliothek\/04Kurse\/FIN-I\/index.html\" target=\"_blank\">Kurs Finalistenschulung I: Literaturrecherche<\/a> (online \u2013 Anmeldung erforderlich)<br>Veranstalterin: Fachbibliothek Rechtswissenschaft<\/p>\n\n\n\n<p><strong>Mittwoch, 16.07.2025 | 14:00\u201315:30<\/strong><br>\ud83e\udde9 <a rel=\"noreferrer noopener\" href=\"https:\/\/www.fu-berlin.de\/sites\/ub\/ueber-uns\/termine\/2025-07-16-endnote-fortgeschrittene.html\" target=\"_blank\">Literaturverwaltung mit EndNote f\u00fcr Fortgeschrittene<\/a> (Online-Workshop \u2013 Anmeldung erforderlich)<br>Veranstalterin: Zentralbibliothek<\/p>\n\n\n\n<p><strong>Mittwoch, 16.07.2025<\/strong> | <strong>Selbstlernkurs<\/strong><br>\u275d\u275e <a rel=\"noreferrer noopener\" href=\"https:\/\/www.wiwiss.fu-berlin.de\/bibliothek\/04Kurse\/FIN-II\/index.html\" target=\"_blank\">Kurs Finalistenschulung II: Richtig Zitieren<\/a> (online \u2013 Anmeldung erforderlich)<br>Veranstalterin: Fachbibliothek Rechtswissenschaft<\/p>\n\n\n\n<p><strong>Donnerstag, 17.07.2025 | 10:00\u201311:30<\/strong><br>\ud83d\udd0d <a rel=\"noreferrer noopener\" href=\"https:\/\/www.fu-berlin.de\/sites\/ub\/ueber-uns\/termine\/2025-07-17-intensivkurs-recherche.html\" target=\"_blank\">Intensivkurs Recherche<\/a> (online \u2013 Anmeldung erforderlich)<br>Veranstalterin: Zentralbibliothek<\/p>\n\n\n\n<p><strong>Donnerstag, 17.07.2025 | 10:00\u201312:00<\/strong><br>\ufe0f\ud83d\udd8b\ufe0f <a rel=\"noreferrer noopener\" href=\"https:\/\/www.fu-berlin.de\/sites\/philbib\/schulungstermine-fuer-das-Sommersemester-2025\/Publikationsstrategien-fuer-Geisteswissenschaftler_innen2.html\" target=\"_blank\">Publikationsstrategien f\u00fcr Geisteswissenschaftler*innen<\/a> (Pr\u00e4senz-Workshop \u2013 Anmeldung erforderlich)<br>Veranstalterin: Philologische Bibliothek<\/p>\n\n\n\n<p><strong>Donnerstag, 17.07.2025 | 10:00\u201311:30<\/strong><br>\ud83e\udde9 <a rel=\"noreferrer noopener\" href=\"https:\/\/www.fu-berlin.de\/sites\/ub\/ueber-uns\/termine\/2025-07-14-citavi-aufbaukurs.html\" target=\"_blank\">Literaturverwaltung mit Citavi f\u00fcr Fortgeschrittene<\/a> (Online-Workshop \u2013 Anmeldung erforderlich)<br>Veranstalterin: Zentralbibliothek<\/p>\n\n\n\n<p><strong>Donnerstag, 17.07.2025<\/strong> | <strong>Selbstlernkurs<\/strong><br>\ud83e\udde9 <a rel=\"noreferrer noopener\" href=\"https:\/\/www.wiwiss.fu-berlin.de\/bibliothek\/04Kurse\/Word\/index.html\" target=\"_blank\">Word f\u00fcr Seminar- und Bachelorarbeiten<\/a> (online \u2013 Anmeldung erforderlich)<br>Veranstalterin: Fachbibliothek Rechtswissenschaft<\/p>\n\n\n\n<p><strong>Freitag, 18.07.2025 | 9:00\u201313:00<\/strong><br>\ud83e\udde0 <a rel=\"noreferrer noopener\" href=\"https:\/\/old.cedis.fu-berlin.de\/services\/fortbildung\/workshops\/Konzepte-Methoden\/2025-09-18_Lehrkonzepte.html\" target=\"_blank\">Wie viel Online in der Lehre? Blended Learning-Konzepte mit echtem Mehrwert <\/a>(Pr\u00e4senz-Workshop f\u00fcr Lehrende und Dozierende der Freien Universit\u00e4t \u2013 Anmeldung erforderlich)<br>Veranstalterin: FUB-IT<\/p>\n\n\n\n<p><strong>Freitag, 18.07.2025 | 12:00\u201313:00<\/strong><br>\ud83c\udf10 <a rel=\"noreferrer noopener\" href=\"https:\/\/www.jura.fu-berlin.de\/bibliothek\/Veranstaltungen\/Bibliothekstermine\/Termine_Pool-und-DigitaleLehre\/intRecht_3.html\" target=\"_blank\">Einf\u00fchrung in das Portal intRecht<\/a> (Pr\u00e4senz-Vortrag \u2013 Anmeldung erforderlich)<br>Veranstalterin: Fachbibliothek Rechtswissenschaft<\/p>\n\n\n\n<p><strong>Freitag, 18.07.2025 | <strong>Selbstlernkurs<\/strong><\/strong><br>\ud83e\udde9 <a rel=\"noreferrer noopener\" href=\"https:\/\/www.wiwiss.fu-berlin.de\/bibliothek\/04Kurse\/Endnote\/index.html\" target=\"_blank\">Einf\u00fchrung Literaturverwaltung mit EndNote<\/a> (online \u2013 Anmeldung erforderlich)<br>Veranstalterin: Fachbibliothek Rechtswissenschaft<\/p>\n\n\n\n<p>Dar\u00fcber hinaus k\u00f6nnen Dozent*innen der Freien Universit\u00e4t Sondertermine und Inhalte individuell <a rel=\"noreferrer noopener\" href=\"https:\/\/www.fu-berlin.de\/sites\/ub\/lernangebote\/index.html\" target=\"_blank\">mit uns vereinbaren<\/a>!<\/p>\n\n\n\n<p>(Bildquelle: Bernd Wannenmacher)<\/p>\n","protected":false},"excerpt":{"rendered":"<p>Die neue Woche h\u00e4lt spannende Lernangebote rund um das wissenschaftliche Schreiben, Literaturverwaltung, Publikationsstrategien f\u00fcr Wissenschaftler*innen und Blended-Learning-Konzepte f\u00fcr Lehrende bereit \u2013 online, vor Ort, hybrid oder als Selbstlernkurs.<\/p>\n","protected":false},"author":293,"featured_media":33997,"comment_status":"open","ping_status":"open","sticky":false,"template":"","format":"standard","meta":{"footnotes":""},"categories":[9,457816,491,493,70],"tags":[9603,1560,1561,504,1859,584831,25,187976],"class_list":["post-34032","post","type-post","status-publish","format-standard","has-post-thumbnail","hentry","category-allgemein","category-lehr-lernservices","category-lernangebote-kurse","category-recherchetipps","category-veranstaltungen","tag-blended-learning","tag-citavi","tag-endnote","tag-literaturrecherche","tag-literaturverwaltung","tag-schreibworkshop","tag-zitieren","tag-zotero"],"_links":{"self":[{"href":"https:\/\/blogs.fu-berlin.de\/bibliotheken\/wp-json\/wp\/v2\/posts\/34032","targetHints":{"allow":["GET"]}}],"collection":[{"href":"https:\/\/blogs.fu-berlin.de\/bibliotheken\/wp-json\/wp\/v2\/posts"}],"about":[{"href":"https:\/\/blogs.fu-berlin.de\/bibliotheken\/wp-json\/wp\/v2\/types\/post"}],"author":[{"embeddable":true,"href":"https:\/\/blogs.fu-berlin.de\/bibliotheken\/wp-json\/wp\/v2\/users\/293"}],"replies":[{"embeddable":true,"href":"https:\/\/blogs.fu-berlin.de\/bibliotheken\/wp-json\/wp\/v2\/comments?post=34032"}],"version-history":[{"count":8,"href":"https:\/\/blogs.fu-berlin.de\/bibliotheken\/wp-json\/wp\/v2\/posts\/34032\/revisions"}],"predecessor-version":[{"id":34041,"href":"https:\/\/blogs.fu-berlin.de\/bibliotheken\/wp-json\/wp\/v2\/posts\/34032\/revisions\/34041"}],"wp:featuredmedia":[{"embeddable":true,"href":"https:\/\/blogs.fu-berlin.de\/bibliotheken\/wp-json\/wp\/v2\/media\/33997"}],"wp:attachment":[{"href":"https:\/\/blogs.fu-berlin.de\/bibliotheken\/wp-json\/wp\/v2\/media?parent=34032"}],"wp:term":[{"taxonomy":"category","embeddable":true,"href":"https:\/\/blogs.fu-berlin.de\/bibliotheken\/wp-json\/wp\/v2\/categories?post=34032"},{"taxonomy":"post_tag","embeddable":true,"href":"https:\/\/blogs.fu-berlin.de\/bibliotheken\/wp-json\/wp\/v2\/tags?post=34032"}],"curies":[{"name":"wp","href":"https:\/\/api.w.org\/{rel}","templated":true}]}}