{"id":3414,"date":"2009-11-30T16:40:44","date_gmt":"2009-11-30T15:40:44","guid":{"rendered":"https:\/\/blogs.fu-berlin.de\/bibliotheken\/?p=3414"},"modified":"2009-12-02T16:54:44","modified_gmt":"2009-12-02T15:54:44","slug":"digitaler-adventskalender-der-ub-wien","status":"publish","type":"post","link":"https:\/\/blogs.fu-berlin.de\/bibliotheken\/2009\/11\/30\/digitaler-adventskalender-der-ub-wien\/","title":{"rendered":"Digitaler Adventskalender der UB Wien"},"content":{"rendered":"<p>Die KollegInnen von der UB Wien haben einen <a href=\"https:\/\/bibliothek.univie.ac.at\/adventkalender.html\">digitalen Adventskalender <\/a>gebastelt.<\/p>\n<p>Das Hintergrundphoto ist jedenfalls schon Mal ziemlich gelungen \ud83d\ude06 .<\/p>\n<p>Nachtr\u00e4gliche Erg\u00e4nzung:<a href=\"https:\/\/bibliothekarisch.de\/blog\/2009\/12\/01\/mehr-oder-minder-bibliothekarische-adventskalender\/\"> Dgitale Adventskalender, Weihnachtsgewinnspiele und R\u00e4tsel &#8211; nicht nur von Bibliotheken<\/a> aufgelistet von D\u00f6rte B\u00f6hner vom Blog bibliothekarisch.de. Danke!<\/p>\n","protected":false},"excerpt":{"rendered":"<p>Die KollegInnen von der UB Wien haben einen digitalen Adventskalender gebastelt. Das Hintergrundphoto ist jedenfalls schon Mal ziemlich gelungen \ud83d\ude06 . Nachtr\u00e4gliche Erg\u00e4nzung: Dgitale Adventskalender, Weihnachtsgewinnspiele und R\u00e4tsel &#8211; nicht nur von Bibliotheken aufgelistet von D\u00f6rte B\u00f6hner vom Blog bibliothekarisch.de. Danke!<\/p>\n","protected":false},"author":265,"featured_media":0,"comment_status":"open","ping_status":"open","sticky":false,"template":"","format":"standard","meta":{"footnotes":""},"categories":[9,599],"tags":[1339],"class_list":["post-3414","post","type-post","status-publish","format-standard","hentry","category-allgemein","category-bibliothekswesen","tag-digitaler-adventskalender"],"_links":{"self":[{"href":"https:\/\/blogs.fu-berlin.de\/bibliotheken\/wp-json\/wp\/v2\/posts\/3414","targetHints":{"allow":["GET"]}}],"collection":[{"href":"https:\/\/blogs.fu-berlin.de\/bibliotheken\/wp-json\/wp\/v2\/posts"}],"about":[{"href":"https:\/\/blogs.fu-berlin.de\/bibliotheken\/wp-json\/wp\/v2\/types\/post"}],"author":[{"embeddable":true,"href":"https:\/\/blogs.fu-berlin.de\/bibliotheken\/wp-json\/wp\/v2\/users\/265"}],"replies":[{"embeddable":true,"href":"https:\/\/blogs.fu-berlin.de\/bibliotheken\/wp-json\/wp\/v2\/comments?post=3414"}],"version-history":[{"count":13,"href":"https:\/\/blogs.fu-berlin.de\/bibliotheken\/wp-json\/wp\/v2\/posts\/3414\/revisions"}],"predecessor-version":[{"id":3540,"href":"https:\/\/blogs.fu-berlin.de\/bibliotheken\/wp-json\/wp\/v2\/posts\/3414\/revisions\/3540"}],"wp:attachment":[{"href":"https:\/\/blogs.fu-berlin.de\/bibliotheken\/wp-json\/wp\/v2\/media?parent=3414"}],"wp:term":[{"taxonomy":"category","embeddable":true,"href":"https:\/\/blogs.fu-berlin.de\/bibliotheken\/wp-json\/wp\/v2\/categories?post=3414"},{"taxonomy":"post_tag","embeddable":true,"href":"https:\/\/blogs.fu-berlin.de\/bibliotheken\/wp-json\/wp\/v2\/tags?post=3414"}],"curies":[{"name":"wp","href":"https:\/\/api.w.org\/{rel}","templated":true}]}}