{"id":34141,"date":"2025-08-26T10:05:58","date_gmt":"2025-08-26T09:05:58","guid":{"rendered":"https:\/\/blogs.fu-berlin.de\/bibliotheken\/?p=34141"},"modified":"2025-12-03T08:46:12","modified_gmt":"2025-12-03T07:46:12","slug":"bibliotheksschliessungen-in-den-kommenden-monaten","status":"publish","type":"post","link":"https:\/\/blogs.fu-berlin.de\/bibliotheken\/2025\/08\/26\/bibliotheksschliessungen-in-den-kommenden-monaten\/","title":{"rendered":"Bibliotheksschlie\u00dfungen im Dezember"},"content":{"rendered":"\n<p>Die Standorte der Universit\u00e4tsbibliothek werden im Dezember betriebsbedingt an unterschiedlichen Tagen fr\u00fcher schlie\u00dfen oder ganzt\u00e4gig geschlossen haben. Alle Informationen dazu finden Sie hier im \u00dcberblick: <\/p>\n\n\n\n<ul class=\"wp-block-list\">\n<li><strong><strong><a href=\"https:\/\/www.fu-berlin.de\/sites\/campusbib\/index.html\" target=\"_blank\" rel=\"noreferrer noopener\">Campusbibliothek<\/a><\/strong><\/strong>\n<ul class=\"wp-block-list\">\n<li>am Montag, 01.12. ganzt\u00e4gig geschlossen<br><\/li>\n<\/ul>\n<\/li>\n\n\n\n<li><strong><strong><a href=\"https:\/\/www.polsoz.fu-berlin.de\/bibliothek\/index.html\" data-type=\"link\" data-id=\"https:\/\/www.polsoz.fu-berlin.de\/bibliothek\/index.html\" target=\"_blank\" rel=\"noreferrer noopener\">Fachbibliothek Sozialwissenschaften und Osteuropastudien<\/a><\/strong><\/strong>\n<ul class=\"wp-block-list\">\n<li>am Dienstag, den 02.12. ab 15 Uhr geschlossen<\/li>\n<\/ul>\n<\/li>\n<\/ul>\n\n\n\n<ul class=\"wp-block-list\">\n<li><strong><strong><a href=\"https:\/\/www.fu-berlin.de\/sites\/philbib\/index.html\" data-type=\"link\" data-id=\"https:\/\/www.fu-berlin.de\/sites\/philbib\/index.html\" target=\"_blank\" rel=\"noreferrer noopener\">Philologische Bibliothek<\/a><\/strong><\/strong>\n<ul class=\"wp-block-list\">\n<li>am Mittwoch, 03.12 ab 15 Uhr geschlossen<br><\/li>\n<\/ul>\n<\/li>\n\n\n\n<li><strong><strong><a href=\"https:\/\/www.fu-berlin.de\/sites\/ub\/index.html\" data-type=\"link\" data-id=\"https:\/\/www.fu-berlin.de\/sites\/ub\/index.html\" target=\"_blank\" rel=\"noreferrer noopener\">Zentralbibliothek<\/a><\/strong><\/strong>\n<ul class=\"wp-block-list\">\n<li>am Donnerstag, den 04.12. ist der zweite Stock erst ab 13:00 Uhr ge\u00f6ffnet<\/li>\n<\/ul>\n<\/li>\n<\/ul>\n\n\n\n<p>Dadurch kann es zu Verz\u00f6gerungen bei der Bereitstellung bestellter Medien kommen.&nbsp;Bitte nutzen Sie an diesen Tagen&nbsp;alternative Standorte&nbsp;oder den&nbsp;Online-Zugriff auf elektronische Medien.<br><br>Vielen Dank f\u00fcr Ihr Verst\u00e4ndnis!<\/p>\n\n\n\n<p>Weiterf\u00fchrende Informationen erhalten Sie bei Ihren jeweiligen Fachbibliotheken.<\/p>\n\n\n\n<p class=\"has-small-font-size\">(Hinweis: Der Beitrag wurde am 26.11.2025 aktualisiert)<\/p>\n\n\n\n<p class=\"has-medium-font-size\"><br><strong>Library Closures in December 2025<\/strong><\/p>\n\n\n\n<p>Due to operational reasons, the locations of the University Library of Freie Universit\u00e4t Berlin will close earlier on certain days or remain closed all day in the following month. You can find all the relevant information here at a glance:<\/p>\n\n\n\n<ul class=\"wp-block-list\">\n<li><strong>Campus Library<\/strong>\n<ul class=\"wp-block-list\">\n<li>Closed all day on Monday, December 1.<br><\/li>\n<\/ul>\n<\/li>\n\n\n\n<li><strong>Library of Social Sciences and East European Studies<\/strong>\n<ul class=\"wp-block-list\">\n<li>Closed on Tuesday, December 2, from 3:00 PM<\/li>\n<\/ul>\n<\/li>\n<\/ul>\n\n\n\n<ul class=\"wp-block-list\">\n<li><strong>Philological Library<\/strong>\n<ul class=\"wp-block-list\">\n<li>Closed on Wednesday, December 3,\u00a0from\u00a03:00 PM<br><\/li>\n<\/ul>\n<\/li>\n\n\n\n<li><strong>Central Library<\/strong>\n<ul class=\"wp-block-list\">\n<li>On Thursday, December 4, the 2nd floor will be open from 1:00 PM onwards.<\/li>\n<\/ul>\n<\/li>\n<\/ul>\n\n\n\n<p>This may cause delays in the provision of ordered media. Please use alternative locations or online access to electronic media on these days.<\/p>\n\n\n\n<p>Thank you for your understanding!<\/p>\n\n\n\n<p>Further information is available from your <a target=\"_blank\" href=\"https:\/\/www.fu-berlin.de\/en\/sites\/ub\/standorte\/index.html\" rel=\"noreferrer noopener\">respective libraries<\/a>.<br><\/p>\n\n\n\n<p><em>(Editorial note: This article was updated on November 26, 2025)<\/em><\/p>\n","protected":false},"excerpt":{"rendered":"<p>Die Standorte der Universit\u00e4tsbibliothek werden im Dezember betriebsbedingt an unterschiedlichen Tagen fr\u00fcher schlie\u00dfen oder ganzt\u00e4gig geschlossen haben. Alle Informationen dazu finden Sie hier im \u00dcberblick: Dadurch kann es zu Verz\u00f6gerungen bei der Bereitstellung bestellter Medien kommen.&nbsp;Bitte nutzen Sie an diesen Tagen&nbsp;alternative Standorte&nbsp;oder den&nbsp;Online-Zugriff auf elektronische Medien. Vielen Dank f\u00fcr Ihr Verst\u00e4ndnis! Weiterf\u00fchrende Informationen erhalten Sie &hellip; <a href=\"https:\/\/blogs.fu-berlin.de\/bibliotheken\/2025\/08\/26\/bibliotheksschliessungen-in-den-kommenden-monaten\/\" class=\"more-link\"><span class=\"screen-reader-text\">\u201eBibliotheksschlie\u00dfungen im Dezember\u201c<\/span> weiterlesen<\/a><\/p>\n","protected":false},"author":3230,"featured_media":34142,"comment_status":"open","ping_status":"open","sticky":false,"template":"","format":"standard","meta":{"footnotes":""},"categories":[9,601],"tags":[237774],"class_list":["post-34141","post","type-post","status-publish","format-standard","has-post-thumbnail","hentry","category-allgemein","category-universitatsbibliothek","tag-sonderschliesszeiten"],"_links":{"self":[{"href":"https:\/\/blogs.fu-berlin.de\/bibliotheken\/wp-json\/wp\/v2\/posts\/34141","targetHints":{"allow":["GET"]}}],"collection":[{"href":"https:\/\/blogs.fu-berlin.de\/bibliotheken\/wp-json\/wp\/v2\/posts"}],"about":[{"href":"https:\/\/blogs.fu-berlin.de\/bibliotheken\/wp-json\/wp\/v2\/types\/post"}],"author":[{"embeddable":true,"href":"https:\/\/blogs.fu-berlin.de\/bibliotheken\/wp-json\/wp\/v2\/users\/3230"}],"replies":[{"embeddable":true,"href":"https:\/\/blogs.fu-berlin.de\/bibliotheken\/wp-json\/wp\/v2\/comments?post=34141"}],"version-history":[{"count":28,"href":"https:\/\/blogs.fu-berlin.de\/bibliotheken\/wp-json\/wp\/v2\/posts\/34141\/revisions"}],"predecessor-version":[{"id":34420,"href":"https:\/\/blogs.fu-berlin.de\/bibliotheken\/wp-json\/wp\/v2\/posts\/34141\/revisions\/34420"}],"wp:featuredmedia":[{"embeddable":true,"href":"https:\/\/blogs.fu-berlin.de\/bibliotheken\/wp-json\/wp\/v2\/media\/34142"}],"wp:attachment":[{"href":"https:\/\/blogs.fu-berlin.de\/bibliotheken\/wp-json\/wp\/v2\/media?parent=34141"}],"wp:term":[{"taxonomy":"category","embeddable":true,"href":"https:\/\/blogs.fu-berlin.de\/bibliotheken\/wp-json\/wp\/v2\/categories?post=34141"},{"taxonomy":"post_tag","embeddable":true,"href":"https:\/\/blogs.fu-berlin.de\/bibliotheken\/wp-json\/wp\/v2\/tags?post=34141"}],"curies":[{"name":"wp","href":"https:\/\/api.w.org\/{rel}","templated":true}]}}