{"id":34151,"date":"2025-09-05T10:51:00","date_gmt":"2025-09-05T09:51:00","guid":{"rendered":"https:\/\/blogs.fu-berlin.de\/bibliotheken\/?p=34151"},"modified":"2025-09-03T12:54:23","modified_gmt":"2025-09-03T11:54:23","slug":"neuer-themenfilm-in-der-online-ausstellung-erlebte-geschichte-4","status":"publish","type":"post","link":"https:\/\/blogs.fu-berlin.de\/bibliotheken\/2025\/09\/05\/neuer-themenfilm-in-der-online-ausstellung-erlebte-geschichte-4\/","title":{"rendered":"Neuer Themenfilm in der Online-Ausstellung &#8222;Erlebte Geschichte&#8220;"},"content":{"rendered":"\n<p><sup>Quelle: Erlebte Geschichte &#8211; Freie Universit\u00e4t Berlin Fotograf: Doris Tausendfreund<\/sup><\/p>\n\n\n\n<p>Die Bausubstanz vieler Geb\u00e4ude der Freien Universit\u00e4t Berlin muss erhalten oder saniert werden. Dabei ergeben sich oft Probleme, die vorher nicht absehbar waren \u2013 wie der Verdacht auf gef\u00e4hrliche Materialien oder fehlende Dokumentationen wichtiger Bauelemente. Auch der Denkmalschutz kann sich als zus\u00e4tzliche Herausforderung erweisen. <\/p>\n\n\n\n<p>Keine leichte Aufgabe f\u00fcr die Technische Abteilung in Zeiten knapper finanzieller Mittel. In dem <a href=\"https:\/\/erlebte-geschichte.fu-berlin.de\/themen\/technische-abteilung\/sanierungsprojekte\" data-type=\"URL\" data-id=\"https:\/\/erlebte-geschichte.fu-berlin.de\/themen\/technische-abteilung\/sanierungsprojekte\" target=\"_blank\" rel=\"noreferrer noopener\">neuen Film <\/a>der Online-Ausstellung <a rel=\"noreferrer noopener\" href=\"https:\/\/erlebte-geschichte.fu-berlin.de\/\" data-type=\"URL\" data-id=\"https:\/\/erlebte-geschichte.fu-berlin.de\/\" target=\"_blank\">Erlebte Geschichte<\/a> erhalten Sie Einblicke in die Herausforderungen der Sanierungsf\u00e4lle.<\/p>\n\n\n\n<p><strong>Erlebte Geschichte<\/strong><br>Von Beginn an war die Freie Universit\u00e4t Berlin gepr\u00e4gt von Leidenschaft und dem festen Willen, einen Ort freien akademischen Austauschs zu schaffen \u2013 ohne \u00e4u\u00dfere Einflussnahme. Das Ringen um den richtigen Weg war oft herausfordernd, spiegelte aber stets das gro\u00dfe Engagement der Beteiligten wider. Sie pr\u00e4gten die Universit\u00e4t \u2013 und die Universit\u00e4t pr\u00e4gte ihr Leben.<br>In dem Projekt teilen sie ihre Geschichten.<br><\/p>\n","protected":false},"excerpt":{"rendered":"<p>Quelle: Erlebte Geschichte &#8211; Freie Universit\u00e4t Berlin Fotograf: Doris Tausendfreund Die Bausubstanz vieler Geb\u00e4ude der Freien Universit\u00e4t Berlin muss erhalten oder saniert werden. Dabei ergeben sich oft Probleme, die vorher nicht absehbar waren \u2013 wie der Verdacht auf gef\u00e4hrliche Materialien oder fehlende Dokumentationen wichtiger Bauelemente. Auch der Denkmalschutz kann sich als zus\u00e4tzliche Herausforderung erweisen. Keine &hellip; <a href=\"https:\/\/blogs.fu-berlin.de\/bibliotheken\/2025\/09\/05\/neuer-themenfilm-in-der-online-ausstellung-erlebte-geschichte-4\/\" class=\"more-link\"><span class=\"screen-reader-text\">\u201eNeuer Themenfilm in der Online-Ausstellung &#8222;Erlebte Geschichte&#8220;\u201c<\/span> weiterlesen<\/a><\/p>\n","protected":false},"author":1427,"featured_media":34163,"comment_status":"open","ping_status":"open","sticky":false,"template":"","format":"standard","meta":{"footnotes":""},"categories":[457834,603],"tags":[457916,471620,74,471612],"class_list":["post-34151","post","type-post","status-publish","format-standard","has-post-thumbnail","hentry","category-universitaetssammlungen","category-vorgestellt","tag-digitale-interviewsammlungen","tag-erlebte-geschichte","tag-freie-universitat-berlin","tag-universitaetsgeschichte"],"_links":{"self":[{"href":"https:\/\/blogs.fu-berlin.de\/bibliotheken\/wp-json\/wp\/v2\/posts\/34151","targetHints":{"allow":["GET"]}}],"collection":[{"href":"https:\/\/blogs.fu-berlin.de\/bibliotheken\/wp-json\/wp\/v2\/posts"}],"about":[{"href":"https:\/\/blogs.fu-berlin.de\/bibliotheken\/wp-json\/wp\/v2\/types\/post"}],"author":[{"embeddable":true,"href":"https:\/\/blogs.fu-berlin.de\/bibliotheken\/wp-json\/wp\/v2\/users\/1427"}],"replies":[{"embeddable":true,"href":"https:\/\/blogs.fu-berlin.de\/bibliotheken\/wp-json\/wp\/v2\/comments?post=34151"}],"version-history":[{"count":3,"href":"https:\/\/blogs.fu-berlin.de\/bibliotheken\/wp-json\/wp\/v2\/posts\/34151\/revisions"}],"predecessor-version":[{"id":34173,"href":"https:\/\/blogs.fu-berlin.de\/bibliotheken\/wp-json\/wp\/v2\/posts\/34151\/revisions\/34173"}],"wp:featuredmedia":[{"embeddable":true,"href":"https:\/\/blogs.fu-berlin.de\/bibliotheken\/wp-json\/wp\/v2\/media\/34163"}],"wp:attachment":[{"href":"https:\/\/blogs.fu-berlin.de\/bibliotheken\/wp-json\/wp\/v2\/media?parent=34151"}],"wp:term":[{"taxonomy":"category","embeddable":true,"href":"https:\/\/blogs.fu-berlin.de\/bibliotheken\/wp-json\/wp\/v2\/categories?post=34151"},{"taxonomy":"post_tag","embeddable":true,"href":"https:\/\/blogs.fu-berlin.de\/bibliotheken\/wp-json\/wp\/v2\/tags?post=34151"}],"curies":[{"name":"wp","href":"https:\/\/api.w.org\/{rel}","templated":true}]}}