{"id":34192,"date":"2025-09-19T08:54:53","date_gmt":"2025-09-19T07:54:53","guid":{"rendered":"https:\/\/blogs.fu-berlin.de\/bibliotheken\/?p=34192"},"modified":"2025-09-19T08:54:53","modified_gmt":"2025-09-19T07:54:53","slug":"teilweise-gestoerter-zugriff-auf-die-taylor-francis-plattform-mit-den-browsern-edge-und-chrome","status":"publish","type":"post","link":"https:\/\/blogs.fu-berlin.de\/bibliotheken\/2025\/09\/19\/teilweise-gestoerter-zugriff-auf-die-taylor-francis-plattform-mit-den-browsern-edge-und-chrome\/","title":{"rendered":"Teilweise gest\u00f6rter Zugriff auf die Taylor &amp; Francis Plattform mit den Browsern &#8222;Edge&#8220; und &#8222;Chrome&#8220;"},"content":{"rendered":"\n<p>Seit einigen Tagen kann es zu Fehlern kommen, wenn Benutzer auf der &#8222;Taylor &amp; Francis&#8220; Plattform versuchen, Volltexte herunterzuladen. Dies h\u00e4ngt mit einem Fehler in den Versionen:<br>Edge<br>&#8211; Version 140.0.3485.66: September 11, 2025<br>&#8211; Version 140.0.3485.54: September 5, 2025<br><br>Google Chrome  <br>-141.0.7390.16 10th September  140.0.7339.128<\/p>\n\n\n\n<p>zusammen.<br><br>Der Verlag ist mit den Herstellern in engem Austausch und bittet darum, entweder in der n\u00e4chsten Zeit auf andere Browser umzusteigen oder die bei &#8222;Edge&#8220; und &#8222;Chrome&#8220; auf automatische Updates umzusteigen, die diesen Fehler in den n\u00e4chsten Tagen beheben sollen.<br><br>Hintergrund, Folgender Fehler tritt auf:<br>Eine Extension in &#8222;Edge&#8220; und &#8222;Chrome&#8220; die eigentlich den Volltext-Download erleichtern soll, sorgt daf\u00fcr, dass ein und dasselbe Dokument in einer Endlosschleife versucht wird zu laden. Dies sorgt f\u00fcr Fehlermeldungen beim Verlag und kann bis zur automatischen Sperre der benutzten IP-Adresse f\u00fchren.<br><br>19.09.2025 Team ERM<\/p>\n","protected":false},"excerpt":{"rendered":"<p>Seit einigen Tagen kann es zu Fehlern kommen, wenn Benutzer auf der &#8222;Taylor &amp; Francis&#8220; Plattform versuchen, Volltexte herunterzuladen. Dies h\u00e4ngt mit einem Fehler in den Versionen:Edge&#8211; Version 140.0.3485.66: September 11, 2025&#8211; Version 140.0.3485.54: September 5, 2025 Google Chrome -141.0.7390.16 10th September 140.0.7339.128 zusammen. Der Verlag ist mit den Herstellern in engem Austausch und bittet &hellip; <a href=\"https:\/\/blogs.fu-berlin.de\/bibliotheken\/2025\/09\/19\/teilweise-gestoerter-zugriff-auf-die-taylor-francis-plattform-mit-den-browsern-edge-und-chrome\/\" class=\"more-link\"><span class=\"screen-reader-text\">\u201eTeilweise gest\u00f6rter Zugriff auf die Taylor &amp; Francis Plattform mit den Browsern &#8222;Edge&#8220; und &#8222;Chrome&#8220;\u201c<\/span> weiterlesen<\/a><\/p>\n","protected":false},"author":2106,"featured_media":0,"comment_status":"open","ping_status":"open","sticky":false,"template":"","format":"standard","meta":{"footnotes":""},"categories":[9],"tags":[1455],"class_list":["post-34192","post","type-post","status-publish","format-standard","hentry","category-allgemein","tag-taylor-francis"],"_links":{"self":[{"href":"https:\/\/blogs.fu-berlin.de\/bibliotheken\/wp-json\/wp\/v2\/posts\/34192","targetHints":{"allow":["GET"]}}],"collection":[{"href":"https:\/\/blogs.fu-berlin.de\/bibliotheken\/wp-json\/wp\/v2\/posts"}],"about":[{"href":"https:\/\/blogs.fu-berlin.de\/bibliotheken\/wp-json\/wp\/v2\/types\/post"}],"author":[{"embeddable":true,"href":"https:\/\/blogs.fu-berlin.de\/bibliotheken\/wp-json\/wp\/v2\/users\/2106"}],"replies":[{"embeddable":true,"href":"https:\/\/blogs.fu-berlin.de\/bibliotheken\/wp-json\/wp\/v2\/comments?post=34192"}],"version-history":[{"count":2,"href":"https:\/\/blogs.fu-berlin.de\/bibliotheken\/wp-json\/wp\/v2\/posts\/34192\/revisions"}],"predecessor-version":[{"id":34195,"href":"https:\/\/blogs.fu-berlin.de\/bibliotheken\/wp-json\/wp\/v2\/posts\/34192\/revisions\/34195"}],"wp:attachment":[{"href":"https:\/\/blogs.fu-berlin.de\/bibliotheken\/wp-json\/wp\/v2\/media?parent=34192"}],"wp:term":[{"taxonomy":"category","embeddable":true,"href":"https:\/\/blogs.fu-berlin.de\/bibliotheken\/wp-json\/wp\/v2\/categories?post=34192"},{"taxonomy":"post_tag","embeddable":true,"href":"https:\/\/blogs.fu-berlin.de\/bibliotheken\/wp-json\/wp\/v2\/tags?post=34192"}],"curies":[{"name":"wp","href":"https:\/\/api.w.org\/{rel}","templated":true}]}}