{"id":34196,"date":"2025-09-25T10:38:00","date_gmt":"2025-09-25T09:38:00","guid":{"rendered":"https:\/\/blogs.fu-berlin.de\/bibliotheken\/?p=34196"},"modified":"2025-09-23T07:03:39","modified_gmt":"2025-09-23T06:03:39","slug":"ist-sammeln-zeitgemaess","status":"publish","type":"post","link":"https:\/\/blogs.fu-berlin.de\/bibliotheken\/2025\/09\/25\/ist-sammeln-zeitgemaess\/","title":{"rendered":"Ist Sammeln zeitgem\u00e4\u00df?"},"content":{"rendered":"\n<figure class=\"wp-block-image size-full\"><img loading=\"lazy\" decoding=\"async\" width=\"2000\" height=\"752\" src=\"https:\/\/blogs.fu-berlin.de\/bibliotheken\/files\/2025\/09\/Online_Banner_2000x752.jpg\" alt=\"\" class=\"wp-image-34199\" srcset=\"https:\/\/blogs.fu-berlin.de\/bibliotheken\/files\/2025\/09\/Online_Banner_2000x752.jpg 2000w, https:\/\/blogs.fu-berlin.de\/bibliotheken\/files\/2025\/09\/Online_Banner_2000x752-300x113.jpg 300w, https:\/\/blogs.fu-berlin.de\/bibliotheken\/files\/2025\/09\/Online_Banner_2000x752-1536x578.jpg 1536w, https:\/\/blogs.fu-berlin.de\/bibliotheken\/files\/2025\/09\/Online_Banner_2000x752-1200x451.jpg 1200w\" sizes=\"auto, (max-width: 709px) 85vw, (max-width: 909px) 67vw, (max-width: 1362px) 62vw, 840px\" \/><\/figure>\n\n\n\n<p><strong>16. Jahrestagung f\u00fcr wissenschaftliche Universit\u00e4tssammlungen 2025 in Berlin<\/strong><\/p>\n\n\n\n<p>Vom 9. bis zum 11. Oktober 2025 findet in Berlin die 16. Jahrestagung f\u00fcr wissenschaftliche Universit\u00e4tssammlungen statt. <br>Unter dem bewusst provokant gew\u00e4hlten Motto \u201eIst Sammeln zeitgem\u00e4\u00df?\u201c widmet sich die Tagung der grundlegenden Reflexion wissenschaftlicher Sammlungspraxis. Sammlungen sind mehr als blo\u00dfe Ansammlungen von Objekten \u2013 sie dienen der Forschung, der Lehre, dem Wissenstransfer und der gesellschaftlichen Kommunikation. Doch was geschieht, wenn Disziplinen sich ver\u00e4ndern oder verschwinden und Sammlungen \u201e\u00fcbrigbleiben\u201c? Welche Kriterien leiten uns bei der Entscheidung, ob Sammlungen \u00fcbernommen, weitergef\u00fchrt oder neu aufgebaut werden sollen?<br>Ein zentrales Thema wird der Umgang mit begrenzten Ressourcen sein. Die Frage nach dem \u201erichtigen Ma\u00df\u201c des Sammelns betrifft nicht nur die Finanzierung, Lagerung und Erhaltung, sondern hat auch ethische und \u00f6kologische Dimensionen.<br><br><strong>Teilnahme &amp; Anmeldung<\/strong><br>Die Teilnahme an der Tagung ist kostenfrei \u2013 die Tagung wird vor allem durch Mittel der Berlin University Alliance (BUA) im Bereich \u201eSharing Resources\u201c gef\u00f6rdert. Eingeladen sind alle Personen, die sich f\u00fcr die Arbeit mit und an Universit\u00e4tssammlungen interessieren. <br><br><a rel=\"noreferrer noopener\" href=\"https:\/\/berlin-university-collections.de\/sammlungstagung\" data-type=\"URL\" data-id=\"https:\/\/berlin-university-collections.de\/sammlungstagung\" target=\"_blank\">Hier geht\u2019s zum Programm &amp; zur Anmeldung<\/a><br><br>Organisiert wird die Tagung von den zentralen Sammlungskoordinator*innen der Partnerinnen der BUA und der Gesellschaft f\u00fcr Universit\u00e4tssammlungen e.V.. Veranstaltungsorte sind Einrichtungen der Freien Universit\u00e4t Berlin, der Humboldt-Universit\u00e4t zu Berlin, der Technischen Universit\u00e4t Berlin und der Charit\u00e9 &#8211; Universit\u00e4tsmedizin.<br>\u2003<br><\/p>\n","protected":false},"excerpt":{"rendered":"<p>16. Jahrestagung f\u00fcr wissenschaftliche Universit\u00e4tssammlungen 2025 in Berlin Vom 9. bis zum 11. Oktober 2025 findet in Berlin die 16. Jahrestagung f\u00fcr wissenschaftliche Universit\u00e4tssammlungen statt. Unter dem bewusst provokant gew\u00e4hlten Motto \u201eIst Sammeln zeitgem\u00e4\u00df?\u201c widmet sich die Tagung der grundlegenden Reflexion wissenschaftlicher Sammlungspraxis. Sammlungen sind mehr als blo\u00dfe Ansammlungen von Objekten \u2013 sie dienen der &hellip; <a href=\"https:\/\/blogs.fu-berlin.de\/bibliotheken\/2025\/09\/25\/ist-sammeln-zeitgemaess\/\" class=\"more-link\"><span class=\"screen-reader-text\">\u201eIst Sammeln zeitgem\u00e4\u00df?\u201c<\/span> weiterlesen<\/a><\/p>\n","protected":false},"author":1427,"featured_media":0,"comment_status":"open","ping_status":"open","sticky":false,"template":"","format":"standard","meta":{"footnotes":""},"categories":[457816,601,457834],"tags":[199773,57512],"class_list":["post-34196","post","type-post","status-publish","format-standard","hentry","category-lehr-lernservices","category-universitatsbibliothek","category-universitaetssammlungen","tag-berlin-university-alliance","tag-fachtagung"],"_links":{"self":[{"href":"https:\/\/blogs.fu-berlin.de\/bibliotheken\/wp-json\/wp\/v2\/posts\/34196","targetHints":{"allow":["GET"]}}],"collection":[{"href":"https:\/\/blogs.fu-berlin.de\/bibliotheken\/wp-json\/wp\/v2\/posts"}],"about":[{"href":"https:\/\/blogs.fu-berlin.de\/bibliotheken\/wp-json\/wp\/v2\/types\/post"}],"author":[{"embeddable":true,"href":"https:\/\/blogs.fu-berlin.de\/bibliotheken\/wp-json\/wp\/v2\/users\/1427"}],"replies":[{"embeddable":true,"href":"https:\/\/blogs.fu-berlin.de\/bibliotheken\/wp-json\/wp\/v2\/comments?post=34196"}],"version-history":[{"count":3,"href":"https:\/\/blogs.fu-berlin.de\/bibliotheken\/wp-json\/wp\/v2\/posts\/34196\/revisions"}],"predecessor-version":[{"id":34201,"href":"https:\/\/blogs.fu-berlin.de\/bibliotheken\/wp-json\/wp\/v2\/posts\/34196\/revisions\/34201"}],"wp:attachment":[{"href":"https:\/\/blogs.fu-berlin.de\/bibliotheken\/wp-json\/wp\/v2\/media?parent=34196"}],"wp:term":[{"taxonomy":"category","embeddable":true,"href":"https:\/\/blogs.fu-berlin.de\/bibliotheken\/wp-json\/wp\/v2\/categories?post=34196"},{"taxonomy":"post_tag","embeddable":true,"href":"https:\/\/blogs.fu-berlin.de\/bibliotheken\/wp-json\/wp\/v2\/tags?post=34196"}],"curies":[{"name":"wp","href":"https:\/\/api.w.org\/{rel}","templated":true}]}}