{"id":34229,"date":"2025-09-30T14:01:41","date_gmt":"2025-09-30T13:01:41","guid":{"rendered":"https:\/\/blogs.fu-berlin.de\/bibliotheken\/?p=34229"},"modified":"2025-09-30T14:01:41","modified_gmt":"2025-09-30T13:01:41","slug":"start-ins-wintersemester-2025-26-universitaetsbibliothek-mit-infostaenden-vertreten","status":"publish","type":"post","link":"https:\/\/blogs.fu-berlin.de\/bibliotheken\/2025\/09\/30\/start-ins-wintersemester-2025-26-universitaetsbibliothek-mit-infostaenden-vertreten\/","title":{"rendered":"Start ins Wintersemester 2025\/26 \u2013 Universit\u00e4tsbibliothek mit Infost\u00e4nden vertreten"},"content":{"rendered":"\n<p>Bei der zentralen Einf\u00fchrungsveranstaltung f\u00fcr alle neuen Studierenden am Mittwoch, den 1. Oktober 2025 im Henry-Ford-Bau (Garystr. 35) ist auch die Universit\u00e4tsbibliothek (UB) mit am Start. Ab 10:00 Uhr erhalten Sie an unserem Infostand und bei kurzen F\u00fchrungen (auf Deutsch und Englisch) durch die angrenzende\u00a0<a href=\"https:\/\/www.fu-berlin.de\/sites\/ub\/ueber-uns\/kontaktzb\/index.html\">Zentralbibliothek<\/a>\u00a0(Garystr. 39) kompakte Tipps f\u00fcr den Studienstart.<\/p>\n\n\n\n<ul class=\"wp-block-list\"><li>Wo und wie leihe ich Medien zu Semesterbeginn aus?<\/li><li>Welche kostenlosen Lernangebote zur Literaturrecherche gibt es?<\/li><li>Wie komme ich an passende Online-Ressourcen f\u00fcr die bevorstehende Hausarbeit?<\/li><\/ul>\n\n\n\n<p>Diese und viele weitere Fragen beantworten wir Ihnen gerne vor Ort. Und bei unserem Gl\u00fccksrad-Quiz gibt es auch das ein oder andere zu gewinnen!<\/p>\n\n\n\n<p>Auch bei der Orientierungsveranstaltung f\u00fcr den Fachbereich Politik- und Sozialwissenschaften am <strong>Montag, den 6. Oktober<\/strong> um 10:00 Uhr k\u00f6nnen Sie uns im Henry-Ford-Bau antreffen. Neben spontanen F\u00fchrungen durch die Zentralbibliothek sind Sie auch dazu eingeladen, die <a rel=\"noreferrer noopener\" href=\"https:\/\/www.polsoz.fu-berlin.de\/bibliothek\/mitarbeiter\/index.html\" target=\"_blank\">Fachbibliothek Sozialwissenschaften und Osteuropastudien<\/a> kennenzulernen. Eine deutschsprachige F\u00fchrung findet an diesem Tag um 13:00 Uhr, eine englischsprachige um 14:00 Uhr statt. Treffpunkt ist jeweils das Foyer in der Garystr. 55.<\/p>\n\n\n\n<p><strong>Wir w\u00fcnschen Ihnen einen tollen Start ins Wintersemester 2025\/26!<\/strong><\/p>\n","protected":false},"excerpt":{"rendered":"<p>Bei der zentralen Einf\u00fchrungsveranstaltung f\u00fcr alle neuen Studierenden am Mittwoch, den 1. Oktober 2025 im Henry-Ford-Bau (Garystr. 35) ist auch die Universit\u00e4tsbibliothek (UB) mit am Start. Ab 10:00 Uhr erhalten Sie an unserem Infostand und bei kurzen F\u00fchrungen (auf Deutsch und Englisch) durch die angrenzende\u00a0Zentralbibliothek\u00a0(Garystr. 39) kompakte Tipps f\u00fcr den Studienstart. Wo und wie leihe &hellip; <a href=\"https:\/\/blogs.fu-berlin.de\/bibliotheken\/2025\/09\/30\/start-ins-wintersemester-2025-26-universitaetsbibliothek-mit-infostaenden-vertreten\/\" class=\"more-link\"><span class=\"screen-reader-text\">\u201eStart ins Wintersemester 2025\/26 \u2013 Universit\u00e4tsbibliothek mit Infost\u00e4nden vertreten\u201c<\/span> weiterlesen<\/a><\/p>\n","protected":false},"author":293,"featured_media":0,"comment_status":"open","ping_status":"open","sticky":false,"template":"","format":"standard","meta":{"footnotes":""},"categories":[9,600,491,601,70],"tags":[584947,584946,584945,83440,776],"class_list":["post-34229","post","type-post","status-publish","format-standard","hentry","category-allgemein","category-fachbibliotheken","category-lernangebote-kurse","category-universitatsbibliothek","category-veranstaltungen","tag-einfuehrungsveranstaltung","tag-fachbibliothek-sozialwissenschaften-und-osteuropastudien","tag-henry-ford-bau","tag-orientierungstage","tag-zentralbibliothek"],"_links":{"self":[{"href":"https:\/\/blogs.fu-berlin.de\/bibliotheken\/wp-json\/wp\/v2\/posts\/34229","targetHints":{"allow":["GET"]}}],"collection":[{"href":"https:\/\/blogs.fu-berlin.de\/bibliotheken\/wp-json\/wp\/v2\/posts"}],"about":[{"href":"https:\/\/blogs.fu-berlin.de\/bibliotheken\/wp-json\/wp\/v2\/types\/post"}],"author":[{"embeddable":true,"href":"https:\/\/blogs.fu-berlin.de\/bibliotheken\/wp-json\/wp\/v2\/users\/293"}],"replies":[{"embeddable":true,"href":"https:\/\/blogs.fu-berlin.de\/bibliotheken\/wp-json\/wp\/v2\/comments?post=34229"}],"version-history":[{"count":1,"href":"https:\/\/blogs.fu-berlin.de\/bibliotheken\/wp-json\/wp\/v2\/posts\/34229\/revisions"}],"predecessor-version":[{"id":34230,"href":"https:\/\/blogs.fu-berlin.de\/bibliotheken\/wp-json\/wp\/v2\/posts\/34229\/revisions\/34230"}],"wp:attachment":[{"href":"https:\/\/blogs.fu-berlin.de\/bibliotheken\/wp-json\/wp\/v2\/media?parent=34229"}],"wp:term":[{"taxonomy":"category","embeddable":true,"href":"https:\/\/blogs.fu-berlin.de\/bibliotheken\/wp-json\/wp\/v2\/categories?post=34229"},{"taxonomy":"post_tag","embeddable":true,"href":"https:\/\/blogs.fu-berlin.de\/bibliotheken\/wp-json\/wp\/v2\/tags?post=34229"}],"curies":[{"name":"wp","href":"https:\/\/api.w.org\/{rel}","templated":true}]}}