{"id":34252,"date":"2025-10-16T16:19:06","date_gmt":"2025-10-16T15:19:06","guid":{"rendered":"https:\/\/blogs.fu-berlin.de\/bibliotheken\/?p=34252"},"modified":"2025-10-20T12:02:34","modified_gmt":"2025-10-20T11:02:34","slug":"dorothee-elmiger-gewinnt-deutschen-buchpreis-2025","status":"publish","type":"post","link":"https:\/\/blogs.fu-berlin.de\/bibliotheken\/2025\/10\/16\/dorothee-elmiger-gewinnt-deutschen-buchpreis-2025\/","title":{"rendered":"Dorothee Elmiger gewinnt Deutschen Buchpreis 2025"},"content":{"rendered":"\n<figure class=\"wp-block-image size-full\"><img loading=\"lazy\" decoding=\"async\" width=\"2560\" height=\"1995\" src=\"https:\/\/blogs.fu-berlin.de\/bibliotheken\/files\/2025\/10\/Dorothee_Elmiger_DBP2025_c_Christof_Jakob_HiRes-scaled.jpg\" alt=\"\" class=\"wp-image-34255\" srcset=\"https:\/\/blogs.fu-berlin.de\/bibliotheken\/files\/2025\/10\/Dorothee_Elmiger_DBP2025_c_Christof_Jakob_HiRes-scaled.jpg 2560w, https:\/\/blogs.fu-berlin.de\/bibliotheken\/files\/2025\/10\/Dorothee_Elmiger_DBP2025_c_Christof_Jakob_HiRes-300x234.jpg 300w, https:\/\/blogs.fu-berlin.de\/bibliotheken\/files\/2025\/10\/Dorothee_Elmiger_DBP2025_c_Christof_Jakob_HiRes-1536x1197.jpg 1536w, https:\/\/blogs.fu-berlin.de\/bibliotheken\/files\/2025\/10\/Dorothee_Elmiger_DBP2025_c_Christof_Jakob_HiRes-2048x1596.jpg 2048w, https:\/\/blogs.fu-berlin.de\/bibliotheken\/files\/2025\/10\/Dorothee_Elmiger_DBP2025_c_Christof_Jakob_HiRes-1200x935.jpg 1200w\" sizes=\"auto, (max-width: 709px) 85vw, (max-width: 909px) 67vw, (max-width: 1362px) 62vw, 840px\" \/><figcaption class=\"wp-element-caption\">Bildquelle: \u00a9 Christof Jakob<\/figcaption><\/figure>\n\n\n\n<p>Anfang dieser Woche ist im Frankfurter R\u00f6mer der&nbsp;<a href=\"https:\/\/www.deutscher-buchpreis.de\/nominiert\/\">Deutsche Buchpreis<\/a>&nbsp;f\u00fcr den besten \u201eRoman des Jahres\u201c verliehen worden. War 2024 noch die Leipzigerin Martina Hefter <em>(<a rel=\"noreferrer noopener\" href=\"https:\/\/fu-berlin.primo.exlibrisgroup.com\/permalink\/49KOBV_FUB\/1v1tp5h\/alma9961589007802883\" target=\"_blank\">Hey guten Morgen, wie geht es dir?<\/a>)<\/em> erfolgreich, ging die Auszeichnung des Deutschen Buchhandels nun an Dorothee Elmiger f\u00fcr <em><a rel=\"noreferrer noopener\" href=\"https:\/\/fu-berlin.primo.exlibrisgroup.com\/permalink\/49KOBV_FUB\/1v1tp5h\/alma9962060968402883\" target=\"_blank\">Die Holl\u00e4nderinnen<\/a><\/em> (im Bibliotheksportal Primo vormerkbar). Der Titel erschien im August im Hanser Verlag. Die Schweizer Autorin und \u00dcbersetzerin, die mittlerweile in New York lebt, ist keine Unbekannte f\u00fcr unsere Hochschule \u2013 sie studierte Geschichte, Philosophie und Politikwissenschaft an der Universit\u00e4t Luzern und der Freien Universit\u00e4t Berlin und war im Wintersemester 2021\/22 <a rel=\"noreferrer noopener\" href=\"https:\/\/sfischerprof.de\/\" target=\"_blank\">Samuel-Fischer-Gastprofessorin<\/a>. <\/p>\n\n\n\n<p>Protagonistin in Elmigers Roman ist eine namenlose Schriftstellerin, die sich mit einem Theaterregisseur und Gefolge auf eine Expedition nach Panama begibt. Anlass f\u00fcr die Reise ist der (tats\u00e4chlich zugetragene) mysteri\u00f6se Tod zweier niederl\u00e4ndischer Touristinnen, die im Jahr 2014 der \u201ePianista Trail\u201c zum Verh\u00e4ngnis wurde (vgl. <a rel=\"noreferrer noopener\" href=\"https:\/\/en.wikipedia.org\/wiki\/Deaths_of_Kris_Kremers_and_Lisanne_Froon\" target=\"_blank\">englischsprachigen Wikipedia-Artikel<\/a>). Je tiefer es f\u00fcr die Gruppe um die Autorin in den Dschungel geht, desto mehr verliert sie ihr eigentliches Ziel aus den Augen. Um das Unbegreifliche f\u00fcr die Leser*innen erfahrbar zu machen, griff Elmiger in ihrem 160-seitigen Text h\u00e4ufig zum Konjunktiv. Sie interessierte das \u201eNicht-Wissen\u201c und verbindet in ihrem Roman Collagen, Zitate und Fragmente. Die Literaturkritik zog Vergleiche zu Joseph Conrads <a rel=\"noreferrer noopener\" href=\"https:\/\/fu-berlin.primo.exlibrisgroup.com\/permalink\/49KOBV_FUB\/1v1tp5h\/alma990045175520402883\" target=\"_blank\"><em>Herz der Finsternis<\/em><\/a> sowie zu Werken W. G. Sebalds, True-Crime-B\u00fcchern, Filmen Werner Herzogs und sogar zum Horrorstreifen <em>Blair Witch Project<\/em>. Aufgrund des gro\u00dfen Interesses nach der Preisverleihung ist <em>Die Holl\u00e4nderinnen<\/em> zeitweise nicht lieferbar.<\/p>\n\n\n\n<blockquote class=\"wp-block-quote is-layout-flow wp-block-quote-is-layout-flow\">\n<p>\u201eJe tiefer sie sich im Dickicht und Morast verl\u00e4uft, desto mehr rei\u00dft Elmiger die Leser*innen in einen Sog der Angst. Ihr Roman erz\u00e4hlt von Menschen, die in ihr \u201adunkelstes Gegenteil\u2018 verfallen. Indirekt ist dabei nicht nur Elmigers Sprache, sondern auch ihr Verweis auf unsere Gegenwart, die Schritt f\u00fcr Schritt in Selbst\u00fcberhebung versinkt. Elmigers Stil ist gleichzeitig distanziert und doch fesselnd. <em>Die Holl\u00e4nderinnen<\/em> &#8211; Ein faszinierender Trip ins Herz der Finsternis.\u201c<\/p>\n<cite>Auszug aus der offiziellen Begr\u00fcndung der Buchpreis-Jury<\/cite><\/blockquote>\n\n\n\n<p>Dorothee Elmiger darf sich \u00fcber ein Preisgeld von 25.000 Euro freuen. Ihre f\u00fcnf Mitfinalist*innen auf der Shortlist erhalten jeweils 2.500 Euro, darunter der mitfavorisierte FU-Alumni Thomas Melle.<\/p>\n\n\n\n<ul class=\"wp-block-list\">\n<li>Kaleb Erdmann \u2013<em> <\/em><a href=\"https:\/\/fu-berlin.primo.exlibrisgroup.com\/permalink\/49KOBV_FUB\/1v1tp5h\/alma9962055969702883\" target=\"_blank\" rel=\"noreferrer noopener\"><em>Die Ausweichschule<\/em><\/a> (park x ullstein, Juli 2025)<\/li>\n\n\n\n<li>Jehona Kicaj \u2013 <em><a href=\"https:\/\/fu-berlin.primo.exlibrisgroup.com\/permalink\/49KOBV_FUB\/1v1tp5h\/alma9962006529302883\" target=\"_blank\" rel=\"noreferrer noopener\">\u00eb<\/a> <\/em>(Wallstein Verlag, Juli 2025)<\/li>\n\n\n\n<li>Thomas Melle \u2013 <a href=\"https:\/\/fu-berlin.primo.exlibrisgroup.com\/permalink\/49KOBV_FUB\/1v1tp5h\/alma9962060968302883\" target=\"_blank\" rel=\"noreferrer noopener\"><em>Haus zur Sonne<\/em><\/a> (Verlag Kiepenheuer &amp; Witsch, August 2025)<\/li>\n\n\n\n<li>Fiona Sironic \u2013 <a href=\"https:\/\/fu-berlin.primo.exlibrisgroup.com\/permalink\/49KOBV_FUB\/1v1tp5h\/alma9961931130902883\" target=\"_blank\" rel=\"noreferrer noopener\"><em>Am Samstag gehen die M\u00e4dchen in den Wald und jagen Sachen in die Luft<\/em><\/a> (Ecco Verlag, M\u00e4rz 2025)<\/li>\n\n\n\n<li>Christine Wunnicke \u2013 <a href=\"https:\/\/fu-berlin.primo.exlibrisgroup.com\/permalink\/49KOBV_FUB\/1v1tp5h\/alma9962055969402883\" target=\"_blank\" rel=\"noreferrer noopener\"><em>Wachs<\/em><\/a> (Berenberg Verlag, M\u00e4rz 2025)<\/li>\n<\/ul>\n\n\n\n<p>F\u00fcr den Hanser Verlag ist es die zweite Ehrung nach Arno Geigers <em><a rel=\"noreferrer noopener\" href=\"https:\/\/fu-berlin.primo.exlibrisgroup.com\/permalink\/49KOBV_FUB\/1v1tp5h\/alma990028817240402883\" target=\"_blank\">Es geht uns gut<\/a><\/em>, der bei der ersten Verleihung 2005 siegreich war. Werke von den mehrfach in der Vergangenheit ausgezeichneten Verlagen Suhrkamp, Rowohlt oder S. Fischer waren f\u00fcr die Shortlist unber\u00fccksichtigt geblieben.<\/p>\n\n\n\n<figure class=\"wp-block-image size-full\"><img loading=\"lazy\" decoding=\"async\" width=\"2560\" height=\"1707\" src=\"https:\/\/blogs.fu-berlin.de\/bibliotheken\/files\/2025\/10\/Deutscher-Buchpreis-Jury-Gruppenbild_c_Mo-Wuestenhagen-scaled.jpg\" alt=\"\" class=\"wp-image-34266\" srcset=\"https:\/\/blogs.fu-berlin.de\/bibliotheken\/files\/2025\/10\/Deutscher-Buchpreis-Jury-Gruppenbild_c_Mo-Wuestenhagen-scaled.jpg 2560w, https:\/\/blogs.fu-berlin.de\/bibliotheken\/files\/2025\/10\/Deutscher-Buchpreis-Jury-Gruppenbild_c_Mo-Wuestenhagen-300x200.jpg 300w, https:\/\/blogs.fu-berlin.de\/bibliotheken\/files\/2025\/10\/Deutscher-Buchpreis-Jury-Gruppenbild_c_Mo-Wuestenhagen-1536x1024.jpg 1536w, https:\/\/blogs.fu-berlin.de\/bibliotheken\/files\/2025\/10\/Deutscher-Buchpreis-Jury-Gruppenbild_c_Mo-Wuestenhagen-2048x1366.jpg 2048w, https:\/\/blogs.fu-berlin.de\/bibliotheken\/files\/2025\/10\/Deutscher-Buchpreis-Jury-Gruppenbild_c_Mo-Wuestenhagen-1200x800.jpg 1200w\" sizes=\"auto, (max-width: 709px) 85vw, (max-width: 909px) 67vw, (max-width: 1362px) 62vw, 840px\" \/><figcaption class=\"wp-element-caption\">Die Jury bestand aus sieben Mitgliedern, v. l. n. r.: Laura de Weck (Schweizer Radio und Fernsehen), Kathrin Matern (Buchh\u00e4ndlerin), Friedhelm Marx (Universit\u00e4t Bamberg), Shirin Sojitrawalla (freie Kritikerin), J\u00fcrgen Kaube (FAZ), Maria Carolina Foi (Universit\u00e4t Triest) und Lara Sielmann (Deutschlandfunk Kultur) \/ (Bildquelle: Mo W\u00fcstenhagen)<\/figcaption><\/figure>\n\n\n\n<p><strong>Beginn der Frankfurter Buchmesse und Ehrung f\u00fcr Karl Schl\u00f6gel<\/strong><\/p>\n\n\n\n<p>Traditionell startet zwei Tage nach der Verleihung des Deutschen Buchpreises die Frankfurter Buchmesse. Bis 19. Oktober werden 200.000 Besucher*innen und mehr als 1000 Autor*innen erwartet. \u00dcber 4000 Aussteller aus 95 L\u00e4ndern sind f\u00fcr die 77. Auflage gemeldet. Gastland dieses Jahr sind die Philippinen.<\/p>\n\n\n\n<p>Am letzten Messetag wird au\u00dferdem in der Frankfurter Paulskirche dem deutschen Historiker und Essayisten Karl Schl\u00f6gel der <a rel=\"noreferrer noopener\" href=\"https:\/\/www.friedenspreis-des-deutschen-buchhandels.de\/\" target=\"_blank\">Friedenspreis des deutschen Buchhandels<\/a> \u00fcberreicht. Laut Jurybegr\u00fcndung habe er als einer der Ersten  \u201evor der aggressiven Expansionspolitik Wladimir Putins und seinem autorit\u00e4r-nationalistischen Machtanspruch gewarnt\u201c. Im Jahr 2018 wurde sein Sachbuch <em><a rel=\"noreferrer noopener\" href=\"https:\/\/fu-berlin.primo.exlibrisgroup.com\/permalink\/49KOBV_FUB\/1v1tp5h\/alma9958304867502883\" target=\"_blank\">Das sowjetische Jahrhundert<\/a> <\/em>mit dem Preis der Leipziger Buchmesse ausgezeichnet. Schl\u00f6gel mahnt, dass es  \u201eohne eine freie Ukraine [&#8230;] keinen Frieden in Europa geben\u201c k\u00f6nne. Viele seiner Werke sind in <a rel=\"noreferrer noopener\" href=\"https:\/\/fu-berlin.primo.exlibrisgroup.com\/discovery\/search?query=creator,equals,Schl%C3%B6gel,%20Karl,AND&amp;pfilter=rtype,exact,books,AND&amp;tab=FUB&amp;search_scope=FUB&amp;sortby=rank&amp;vid=49KOBV_FUB:FUB&amp;facet=tlevel,include,online_resources&amp;mode=advanced&amp;offset=0\" target=\"_blank\">Primo<\/a> als E-Book vorr\u00e4tig.<\/p>\n\n\n\n<p>Schl\u00f6gel studierte ab 1969 an der Freien Universit\u00e4t Berlin osteurop\u00e4ische Geschichte, Philosophie, Soziologie und Slawistik. 1981 promovierte er dort auch zum Dr. phil. mit einer Dissertation \u00fcber Arbeiterkonflikte in der poststalinistischen Sowjetunion.<\/p>\n","protected":false},"excerpt":{"rendered":"<p>Anfang dieser Woche ist im Frankfurter R\u00f6mer der&nbsp;Deutsche Buchpreis&nbsp;f\u00fcr den besten \u201eRoman des Jahres\u201c verliehen worden. War 2024 noch die Leipzigerin Martina Hefter (Hey guten Morgen, wie geht es dir?) erfolgreich, ging die Auszeichnung des Deutschen Buchhandels nun an Dorothee Elmiger f\u00fcr Die Holl\u00e4nderinnen (im Bibliotheksportal Primo vormerkbar). Der Titel erschien im August im Hanser &hellip; <a href=\"https:\/\/blogs.fu-berlin.de\/bibliotheken\/2025\/10\/16\/dorothee-elmiger-gewinnt-deutschen-buchpreis-2025\/\" class=\"more-link\"><span class=\"screen-reader-text\">\u201eDorothee Elmiger gewinnt Deutschen Buchpreis 2025\u201c<\/span> weiterlesen<\/a><\/p>\n","protected":false},"author":293,"featured_media":0,"comment_status":"open","ping_status":"open","sticky":false,"template":"","format":"standard","meta":{"footnotes":""},"categories":[9],"tags":[57543,1132,196591,584951,12123],"class_list":["post-34252","post","type-post","status-publish","format-standard","hentry","category-allgemein","tag-deutscher-buchpreis","tag-frankfurter-buchmesse","tag-friedenspreis-des-deutschen-buchhandels","tag-karl-schloegel","tag-literaturpreis"],"_links":{"self":[{"href":"https:\/\/blogs.fu-berlin.de\/bibliotheken\/wp-json\/wp\/v2\/posts\/34252","targetHints":{"allow":["GET"]}}],"collection":[{"href":"https:\/\/blogs.fu-berlin.de\/bibliotheken\/wp-json\/wp\/v2\/posts"}],"about":[{"href":"https:\/\/blogs.fu-berlin.de\/bibliotheken\/wp-json\/wp\/v2\/types\/post"}],"author":[{"embeddable":true,"href":"https:\/\/blogs.fu-berlin.de\/bibliotheken\/wp-json\/wp\/v2\/users\/293"}],"replies":[{"embeddable":true,"href":"https:\/\/blogs.fu-berlin.de\/bibliotheken\/wp-json\/wp\/v2\/comments?post=34252"}],"version-history":[{"count":18,"href":"https:\/\/blogs.fu-berlin.de\/bibliotheken\/wp-json\/wp\/v2\/posts\/34252\/revisions"}],"predecessor-version":[{"id":34279,"href":"https:\/\/blogs.fu-berlin.de\/bibliotheken\/wp-json\/wp\/v2\/posts\/34252\/revisions\/34279"}],"wp:attachment":[{"href":"https:\/\/blogs.fu-berlin.de\/bibliotheken\/wp-json\/wp\/v2\/media?parent=34252"}],"wp:term":[{"taxonomy":"category","embeddable":true,"href":"https:\/\/blogs.fu-berlin.de\/bibliotheken\/wp-json\/wp\/v2\/categories?post=34252"},{"taxonomy":"post_tag","embeddable":true,"href":"https:\/\/blogs.fu-berlin.de\/bibliotheken\/wp-json\/wp\/v2\/tags?post=34252"}],"curies":[{"name":"wp","href":"https:\/\/api.w.org\/{rel}","templated":true}]}}