{"id":34274,"date":"2025-10-20T12:35:19","date_gmt":"2025-10-20T11:35:19","guid":{"rendered":"https:\/\/blogs.fu-berlin.de\/bibliotheken\/?p=34274"},"modified":"2025-10-20T13:10:33","modified_gmt":"2025-10-20T12:10:33","slug":"wochenvorschau-der-universitaetsbibliothek-43-kw-fuer-alle-die-mehr-wissen-wollen","status":"publish","type":"post","link":"https:\/\/blogs.fu-berlin.de\/bibliotheken\/2025\/10\/20\/wochenvorschau-der-universitaetsbibliothek-43-kw-fuer-alle-die-mehr-wissen-wollen\/","title":{"rendered":"Wochenvorschau der Universit\u00e4tsbibliothek (43. KW) \u2013 f\u00fcr alle, die mehr wissen wollen!"},"content":{"rendered":"\n<p>Die neue Woche h\u00e4lt f\u00fcr Euch viele kostenfreie Lernangebote auf Deutsch und Englisch bereit. Von der klassischen Bibliotheksf\u00fchrung zum Semesterstart bis hin zu Kursen \u00fcber wissenschaftliches Schreiben, Literaturverwaltung, Publikationsstrategien f\u00fcr Wissenschaftler*innen und Blended-Learning-Konzepte f\u00fcr Lehrende \u2013 online, vor Ort, hybrid oder als Selbstlernkurs.<\/p>\n\n\n\n<figure class=\"wp-block-image size-full\"><img loading=\"lazy\" decoding=\"async\" width=\"2560\" height=\"1703\" src=\"https:\/\/blogs.fu-berlin.de\/bibliotheken\/files\/2025\/06\/2025-01-14-Campusbibliothek-3243_2-scaled.jpg\" alt=\"\" class=\"wp-image-33997\" srcset=\"https:\/\/blogs.fu-berlin.de\/bibliotheken\/files\/2025\/06\/2025-01-14-Campusbibliothek-3243_2-scaled.jpg 2560w, https:\/\/blogs.fu-berlin.de\/bibliotheken\/files\/2025\/06\/2025-01-14-Campusbibliothek-3243_2-300x200.jpg 300w, https:\/\/blogs.fu-berlin.de\/bibliotheken\/files\/2025\/06\/2025-01-14-Campusbibliothek-3243_2-1536x1022.jpg 1536w, https:\/\/blogs.fu-berlin.de\/bibliotheken\/files\/2025\/06\/2025-01-14-Campusbibliothek-3243_2-2048x1363.jpg 2048w, https:\/\/blogs.fu-berlin.de\/bibliotheken\/files\/2025\/06\/2025-01-14-Campusbibliothek-3243_2-1200x798.jpg 1200w\" sizes=\"auto, (max-width: 709px) 85vw, (max-width: 909px) 67vw, (max-width: 1362px) 62vw, 840px\" \/><\/figure>\n\n\n\n<p><\/p>\n\n\n\n<p><strong>Dienstag, 21.10.2025 | 14:15\u201315:45<\/strong><br>\ud83c\udf93 <a href=\"https:\/\/www.wiwiss.fu-berlin.de\/bibliothek\/04Kurse\/FIN-II\/index.html\" target=\"_blank\" rel=\"noreferrer noopener\">Finalistenschulung II: Richtig Zitieren<\/a> <br>(Vor-Ort-Termin \u2013 Anmeldung erforderlich)<br>Veranstalterin: Fachbibliothek Wirtschaftswissenschaft<\/p>\n\n\n\n<p><strong>Dienstag, 21.10.2025 | 16:15\u201317:45<\/strong><br>\u270f\ufe0f <a href=\"https:\/\/www.fu-berlin.de\/sites\/ub\/ueber-uns\/termine\/2025-10-21-workshop-schreibtyp-schreibmethoden.html\" target=\"_blank\" rel=\"noreferrer noopener\">Schreibworkshop: Was ist wissenschaftlicher Stil?<\/a> <br>(Hybrid-Workshop \u2013 Anmeldung erforderlich)<br>Veranstalterin: Zentralbibliothek<\/p>\n\n\n\n<p><strong>Mittwoch, 22.10.2025 | 9:00\u20139:30<\/strong><br>\ud83d\udeb6 <a href=\"https:\/\/www.fu-berlin.de\/en\/sites\/campusbib\/Events\/Fuehrungen-durch-die-Campusbibliothek\/index.html\" target=\"_blank\" rel=\"noreferrer noopener\">Guided Tour \u2013 Campus Library<\/a> <br>(on-site \u2013 no advance registration required)<br>Veranstalterin: Campusbibliothek<\/p>\n\n\n\n<p><strong>Mittwoch, 22.10.2025 | 10:00\u201311:30<\/strong><br>\u270f\ufe0f <a href=\"https:\/\/www.fu-berlin.de\/sites\/ub\/lernangebote\/wissenschaftliches-schreiben\/lesen-exzerpieren\/index.html\" target=\"_blank\" rel=\"noreferrer noopener\">Schreibworkshop: Wie lese und exzerpiere ich wissenschaftliche Texte<\/a><br>(Hybrid-Workshop \u2013 Anmeldung erforderlich)<br>Veranstalterin: Zentralbibliothek<\/p>\n\n\n\n<p><strong>Mittwoch, 22.10.2025 | 10:00\u201312:00<\/strong><br>\u2328\ufe0f <a href=\"https:\/\/www.it.fu-berlin.de\/unsere-services\/kompetenzentwicklung\/fortbildungen\/workshops\/Werkzeuge\/2025-10-22_SLIDO.html\" target=\"_blank\" rel=\"noreferrer noopener\">H\u00f6rsaalinteraktion mit Slido<\/a> <br>(online f\u00fcr Lehrende und lehrunterst\u00fctzende Personen \u2013 Anmeldung erforderlich)<br>Veranstalterin: FUB-IT<\/p>\n\n\n\n<p><strong>Mittwoch, 22.10.2025 | 10:15\u201312:45<\/strong><br>\ud83e\udde9 <a href=\"https:\/\/www.wiwiss.fu-berlin.de\/bibliothek\/04Kurse\/Endnote\/index.html\" target=\"_blank\" rel=\"noreferrer noopener\">Einf\u00fchrung in die Literaturverwaltung mit EndNote<\/a> <br>(Vor-Ort-Termin \u2013 Anmeldung erforderlich)<br>Veranstalterin: Fachbibliothek Wirtschaftswissenschaft<\/p>\n\n\n\n<p><strong>Mittwoch, 22.10.2025 | 12:15\u201313:00<\/strong><br>\ud83d\udeb6\u200d\u2642\ufe0f <a href=\"https:\/\/www.polsoz.fu-berlin.de\/bibliothek\/lernangebote\/221025.html\" target=\"_blank\" rel=\"noreferrer noopener\">Guided Tour \u2013 Library of Social Sciences and East European Studies<\/a> <br>(on-site \u2013 no advance registration required)<br>Veranstalterin: Fachbibiothek Sozialwissenschaften und Osteuropastudien<\/p>\n\n\n\n<p><strong>Mittwoch, 22.10.2025 | 13:00\u201313:30<\/strong><br>\ud83d\udeb6\u200d\u2642\ufe0f <a href=\"https:\/\/www.geo.fu-berlin.de\/bibliotheken\/Aktuelles\/Semesterauftakt_-Bibliotheksfuehrungen-in-der-Fachbibliothek-Geowissenschaften.html\" target=\"_blank\" rel=\"noreferrer noopener\">F\u00fchrung durch die Fachbibliothek Geowissenschaften<\/a> <br>(Pr\u00e4senz-Termin \u2013 ohne vorherige Anmeldung)<br>Veranstalterin: Fachbibliothek Geowissenschaften<\/p>\n\n\n\n<p><strong>Donnerstag, 23.10.2025 | 9:15\u201310:00<\/strong><br>\ud83d\udeb6\u200d\u2642\ufe0f <a href=\"https:\/\/www.polsoz.fu-berlin.de\/bibliothek\/lernangebote\/231025.html\" target=\"_blank\" rel=\"noreferrer noopener\">F\u00fchrung durch die Fachbibliothek Sozialwissenschaften und Osteuropastudien<\/a> <br>(Pr\u00e4senz-Termin \u2013 ohne vorherige Anmeldung)<br>Veranstalterin: Fachbibliothek Sozialwissenschaften und Osteuropastudien<\/p>\n\n\n\n<p><strong>Donnerstag, 23.10.2025<\/strong> | <strong><strong>10:00\u201311:00<\/strong><\/strong><br>\ud83d\udd0d <a href=\"https:\/\/www.fu-berlin.de\/sites\/ub\/lernangebote\/literaturrecherche\/primo\/index.html\" target=\"_blank\" rel=\"noreferrer noopener\">BibBasics  \u2013 Services der Bibliothek effektiv nutzen<\/a> <br>(online \u2013 Anmeldung erforderlich)<br>Veranstalterin: Zentralbibliothek<\/p>\n\n\n\n<p><strong>Donnerstag, 23.10.2025 | 10:00\u201311:30<\/strong><br>\u270f\ufe0f <a href=\"https:\/\/www.fu-berlin.de\/sites\/ub\/lernangebote\/literaturrecherche\/zitate-text-quellen\/index.html\" target=\"_blank\" rel=\"noreferrer noopener\">Wie integriere ich Zitate in meinen Text? Umgang mit Quellen<\/a> <br>(Hybrid-Workshop \u2013 Anmeldung erforderlich)<br>Veranstalterin: Zentralbibliothek<\/p>\n\n\n\n<p><strong>Donnerstag, 23.10.2025 | 10:00\u201312:00<\/strong><br>\ufe0f\ud83d\udd8b\ufe0f <a href=\"https:\/\/www.fu-berlin.de\/sites\/philbib\/03chulungen-Veranstaltungsbeschreibungen\/Publikationsstrategien-fuer-Geisteswissenschaftler_innen.html\" target=\"_blank\" rel=\"noreferrer noopener\">Publikationsstrategien f\u00fcr Geisteswissenschaftler*innen<\/a> <br>(Pr\u00e4senz-Workshop \u2013 Anmeldung erforderlich)<br>Veranstalterin: Philologische Bibliothek<\/p>\n\n\n\n<p><strong>Donnerstag, 23.10.2025 | 15:00\u201316:00<\/strong><br>\ud83d\udeb6\u200d\u2642\ufe0f <a href=\"https:\/\/www.jura.fu-berlin.de\/bibliothek\/Veranstaltungen\/Bibliothekstermine\/Bibliotheksfuehrung4.html\" target=\"_blank\" rel=\"noreferrer noopener\">F\u00fchrung durch die Fachbibliothek Rechtswissenschaft<\/a> <br>(Pr\u00e4senz-Termin \u2013 Anmeldung erforderlich)<br>Veranstalterin: Fachbibliothek Rechtswissenschaft<\/p>\n\n\n\n<p><strong>Donnerstag, 23.10.2025 | Selbstlernkurs<\/strong><br>\u2328\ufe0f <a href=\"https:\/\/www.wiwiss.fu-berlin.de\/bibliothek\/04Kurse\/Word\/index.html\" target=\"_blank\" rel=\"noreferrer noopener\">Word f\u00fcr Seminar- und Bachelorarbeiten<\/a> <br>(online \u2013 Anmeldung erforderlich)<br>Veranstalterin: Fachbibliothek Wirtschaftswissenschaft<\/p>\n\n\n\n<p><strong>Freitag, 24.10.2025 | 9:00\u20139:30<\/strong><br>\ud83d\udeb6\u200d\u2642\ufe0f <a href=\"https:\/\/www.fu-berlin.de\/sites\/campusbib\/Events\/Fuehrungen-durch-die-Campusbibliothek\/index.html\" target=\"_blank\" rel=\"noreferrer noopener\">F\u00fchrung durch die Campusbibliothek<\/a> <br>(Pr\u00e4senz-Termin \u2013 ohne vorherige Anmeldung)<br>Veranstalterin: Campusbibliothek<\/p>\n\n\n\n<p>Dar\u00fcber hinaus k\u00f6nnen Dozent*innen der Freien Universit\u00e4t Sondertermine und Inhalte individuell <a rel=\"noreferrer noopener\" href=\"https:\/\/www.fu-berlin.de\/sites\/ub\/lernangebote\/index.html\" target=\"_blank\">mit uns vereinbaren<\/a>!<\/p>\n\n\n\n<p>(Bildquelle: Bernd Wannenmacher)<\/p>\n","protected":false},"excerpt":{"rendered":"<p>Die neue Woche h\u00e4lt f\u00fcr Euch viele kostenfreie Lernangebote auf Deutsch und Englisch bereit. Von der klassischen Bibliotheksf\u00fchrung zum Semesterstart bis hin zu Kursen \u00fcber wissenschaftliches Schreiben, Literaturverwaltung, Publikationsstrategien f\u00fcr Wissenschaftler*innen und Blended-Learning-Konzepte f\u00fcr Lehrende \u2013 online, vor Ort, hybrid oder als Selbstlernkurs. Dienstag, 21.10.2025 | 14:15\u201315:45\ud83c\udf93 Finalistenschulung II: Richtig Zitieren (Vor-Ort-Termin \u2013 Anmeldung erforderlich)Veranstalterin: &hellip; <a href=\"https:\/\/blogs.fu-berlin.de\/bibliotheken\/2025\/10\/20\/wochenvorschau-der-universitaetsbibliothek-43-kw-fuer-alle-die-mehr-wissen-wollen\/\" class=\"more-link\"><span class=\"screen-reader-text\">\u201eWochenvorschau der Universit\u00e4tsbibliothek (43. KW) \u2013 f\u00fcr alle, die mehr wissen wollen!\u201c<\/span> weiterlesen<\/a><\/p>\n","protected":false},"author":293,"featured_media":0,"comment_status":"open","ping_status":"open","sticky":false,"template":"","format":"standard","meta":{"footnotes":""},"categories":[9,600,457816,491,518,493,601],"tags":[9983,9603,1561,1859,584954,584831,584952,584953,25],"class_list":["post-34274","post","type-post","status-publish","format-standard","hentry","category-allgemein","category-fachbibliotheken","category-lehr-lernservices","category-lernangebote-kurse","category-fu-kataloge","category-recherchetipps","category-universitatsbibliothek","tag-bibliothekseinfuhrung","tag-blended-learning","tag-endnote","tag-literaturverwaltung","tag-microsoft-word","tag-schreibworkshop","tag-slido","tag-wissenschaftlich-publizieren","tag-zitieren"],"_links":{"self":[{"href":"https:\/\/blogs.fu-berlin.de\/bibliotheken\/wp-json\/wp\/v2\/posts\/34274","targetHints":{"allow":["GET"]}}],"collection":[{"href":"https:\/\/blogs.fu-berlin.de\/bibliotheken\/wp-json\/wp\/v2\/posts"}],"about":[{"href":"https:\/\/blogs.fu-berlin.de\/bibliotheken\/wp-json\/wp\/v2\/types\/post"}],"author":[{"embeddable":true,"href":"https:\/\/blogs.fu-berlin.de\/bibliotheken\/wp-json\/wp\/v2\/users\/293"}],"replies":[{"embeddable":true,"href":"https:\/\/blogs.fu-berlin.de\/bibliotheken\/wp-json\/wp\/v2\/comments?post=34274"}],"version-history":[{"count":13,"href":"https:\/\/blogs.fu-berlin.de\/bibliotheken\/wp-json\/wp\/v2\/posts\/34274\/revisions"}],"predecessor-version":[{"id":34289,"href":"https:\/\/blogs.fu-berlin.de\/bibliotheken\/wp-json\/wp\/v2\/posts\/34274\/revisions\/34289"}],"wp:attachment":[{"href":"https:\/\/blogs.fu-berlin.de\/bibliotheken\/wp-json\/wp\/v2\/media?parent=34274"}],"wp:term":[{"taxonomy":"category","embeddable":true,"href":"https:\/\/blogs.fu-berlin.de\/bibliotheken\/wp-json\/wp\/v2\/categories?post=34274"},{"taxonomy":"post_tag","embeddable":true,"href":"https:\/\/blogs.fu-berlin.de\/bibliotheken\/wp-json\/wp\/v2\/tags?post=34274"}],"curies":[{"name":"wp","href":"https:\/\/api.w.org\/{rel}","templated":true}]}}