{"id":34326,"date":"2025-11-20T13:56:44","date_gmt":"2025-11-20T12:56:44","guid":{"rendered":"https:\/\/blogs.fu-berlin.de\/bibliotheken\/?p=34326"},"modified":"2026-01-02T08:15:05","modified_gmt":"2026-01-02T07:15:05","slug":"schliesszeiten-ueber-die-feiertage","status":"publish","type":"post","link":"https:\/\/blogs.fu-berlin.de\/bibliotheken\/2025\/11\/20\/schliesszeiten-ueber-die-feiertage\/","title":{"rendered":"Schlie\u00dfzeiten \u00fcber die Feiertage 2025\/2026"},"content":{"rendered":"\n<figure class=\"wp-block-image size-full\"><img loading=\"lazy\" decoding=\"async\" width=\"851\" height=\"315\" src=\"https:\/\/blogs.fu-berlin.de\/bibliotheken\/files\/2025\/10\/Bib-Collage.png\" alt=\"\" class=\"wp-image-34335\" srcset=\"https:\/\/blogs.fu-berlin.de\/bibliotheken\/files\/2025\/10\/Bib-Collage.png 851w, https:\/\/blogs.fu-berlin.de\/bibliotheken\/files\/2025\/10\/Bib-Collage-300x111.png 300w\" sizes=\"auto, (max-width: 709px) 85vw, (max-width: 909px) 67vw, (max-width: 1362px) 62vw, 840px\" \/><\/figure>\n\n\n\n<p>Mit Beginn der Akademischen Ferien kehrt an der Universit\u00e4t etwas Ruhe ein \u2013 und auch die Universit\u00e4tsbibliothek nutzt diese Zeit, um eine kurze Verschnaufpause einzulegen. Wie jedes Jahr sind die <a href=\"https:\/\/www.fu-berlin.de\/sites\/ub\/index.html\" data-type=\"link\" data-id=\"https:\/\/www.fu-berlin.de\/sites\/ub\/index.html\" target=\"_blank\" rel=\"noreferrer noopener\">Zentralbibliothek<\/a>, die <a href=\"https:\/\/www.fu-berlin.de\/sites\/ub\/standorte\/index.html\" data-type=\"link\" data-id=\"https:\/\/www.fu-berlin.de\/sites\/ub\/standorte\/index.html\" target=\"_blank\" rel=\"noreferrer noopener\">Fachbibliotheken<\/a> und das <a href=\"https:\/\/www.fu-berlin.de\/sites\/uniarchiv\/index.html\" target=\"_blank\" rel=\"noreferrer noopener\">Universit\u00e4tsarchiv<\/a> rund um den Jahreswechsel  geschlossen. Damit Sie Ihre Arbeits- und Lernphasen gut planen k\u00f6nnen, finden Sie hier alle wichtigen Informationen im \u00dcberblick.<\/p>\n\n\n\n<p><strong><mark style=\"background-color:#e5e5e5\" class=\"has-inline-color has-dark-gray-color\">Alle Standorte bleiben von Samstag, den 20. Dezember 2025, bis einschlie\u00dflich Sonntag, 4. Januar 2026, geschlossen.<\/mark><\/strong><br><br>In dieser Zeit sind keine Ausleihen vor Ort m\u00f6glich, und auch die Arbeitspl\u00e4tze in den Leses\u00e4len stehen nicht zur Verf\u00fcgung. Die digitalen Angebote und E-Ressourcen k\u00f6nnen Sie selbstverst\u00e4ndlich wie gewohnt nutzen.<br>Wir empfehlen Ihnen, ben\u00f6tigte Literatur rechtzeitig vorher auszuleihen und gegebenenfalls l\u00e4ngere Ausleihfristen zu pr\u00fcfen.<br><br>F\u00fcr Medienr\u00fcckgaben stehen Ihnen w\u00e4hrend der Schlie\u00dfzeit die R\u00fcckgabek\u00e4sten am Haupteingang der&nbsp;<a href=\"https:\/\/www.fu-berlin.de\/sites\/ub\/ueber-uns\/kontaktzb\/index.html\" target=\"_blank\" rel=\"noreferrer noopener\">Zentralbibliothek<\/a>&nbsp;(Garystr. 39) zur Verf\u00fcgung. Die R\u00fcckbuchung erfolgt zum n\u00e4chsten \u00d6ffnungstag.<\/p>\n\n\n\n<p><strong>Vielen Dank <\/strong><br>Das Team der Universit\u00e4tsbibliothek bedankt sich herzlich f\u00fcr Ihre Treue, Ihr Interesse und die vielen konstruktiven Begegnungen im vergangenen Jahr. Wir w\u00fcnschen Ihnen eine erholsame und friedliche Feiertagszeit sowie einen erfolgreichen Start in das Jahr 2026!<\/p>\n\n\n\n<hr class=\"wp-block-separator has-alpha-channel-opacity\" \/>\n\n\n\n<p><\/p>\n\n\n\n<h1 class=\"wp-block-heading\">Holiday Closing Times<\/h1>\n\n\n\n<p>As the academic break begins, campus life quiets down\u2014and the University Library also takes this period for a brief pause. As in previous years, the Central Library, the subject libraries, and the University Archives will be closed for several days around the turn of the year. To help you plan your study and work schedule, you will find all important information below.<\/p>\n\n\n\n<p><strong><mark style=\"background-color:#e5e5e5\" class=\"has-inline-color has-dark-gray-color\">All locations will be closed from Saturday, December 20, 2025, through Sunday, January 4, 2026.<\/mark><\/strong><\/p>\n\n\n\n<p>During this period, borrowing items on-site will not be possible, and study spaces in the reading rooms will also be unavailable. However, you can continue to access all digital services and e-resources as usual.<br>We recommend borrowing any materials you may need in advance and checking whether extended loan periods apply.<\/p>\n\n\n\n<p>During closing times, the book drops at the main entrance of the <a href=\"https:\/\/www.fu-berlin.de\/en\/sites\/ub\/ueber-uns\/kontaktzb\/index.html\" target=\"_blank\" rel=\"noreferrer noopener\">Central Library<\/a> (Garystr. 39) are open for returns. The items will be reversed on the next opening day.<\/p>\n\n\n\n<p><strong>Thank You<\/strong><br>The University Library team sincerely thanks you for your continued support, your interest, and the many constructive interactions over the past year. We wish you a restful and peaceful holiday season and a successful start to 2026!<\/p>\n\n\n\n<hr class=\"wp-block-separator has-alpha-channel-opacity\" \/>\n\n\n\n<p><sup>Hinweis: Aktualisiert am 28.11.2025<\/sup> \/ <sup>Note: Updated on November 28, 2025<\/sup><\/p>\n\n\n\n<p><\/p>\n","protected":false},"excerpt":{"rendered":"<p>Mit Beginn der Akademischen Ferien kehrt an der Universit\u00e4t etwas Ruhe ein \u2013 und auch die Universit\u00e4tsbibliothek nutzt diese Zeit, um eine kurze Verschnaufpause einzulegen. Wie jedes Jahr sind die Zentralbibliothek, die Fachbibliotheken und das Universit\u00e4tsarchiv rund um den Jahreswechsel geschlossen. Damit Sie Ihre Arbeits- und Lernphasen gut planen k\u00f6nnen, finden Sie hier alle wichtigen &hellip; <a href=\"https:\/\/blogs.fu-berlin.de\/bibliotheken\/2025\/11\/20\/schliesszeiten-ueber-die-feiertage\/\" class=\"more-link\"><span class=\"screen-reader-text\">\u201eSchlie\u00dfzeiten \u00fcber die Feiertage 2025\/2026\u201c<\/span> weiterlesen<\/a><\/p>\n","protected":false},"author":1427,"featured_media":0,"comment_status":"open","ping_status":"open","sticky":false,"template":"","format":"standard","meta":{"footnotes":""},"categories":[600,601],"tags":[237773,641,368667,237774],"class_list":["post-34326","post","type-post","status-publish","format-standard","hentry","category-fachbibliotheken","category-universitatsbibliothek","tag-jahreswechsel","tag-offnungszeiten","tag-schliesszeiten","tag-sonderschliesszeiten"],"_links":{"self":[{"href":"https:\/\/blogs.fu-berlin.de\/bibliotheken\/wp-json\/wp\/v2\/posts\/34326","targetHints":{"allow":["GET"]}}],"collection":[{"href":"https:\/\/blogs.fu-berlin.de\/bibliotheken\/wp-json\/wp\/v2\/posts"}],"about":[{"href":"https:\/\/blogs.fu-berlin.de\/bibliotheken\/wp-json\/wp\/v2\/types\/post"}],"author":[{"embeddable":true,"href":"https:\/\/blogs.fu-berlin.de\/bibliotheken\/wp-json\/wp\/v2\/users\/1427"}],"replies":[{"embeddable":true,"href":"https:\/\/blogs.fu-berlin.de\/bibliotheken\/wp-json\/wp\/v2\/comments?post=34326"}],"version-history":[{"count":16,"href":"https:\/\/blogs.fu-berlin.de\/bibliotheken\/wp-json\/wp\/v2\/posts\/34326\/revisions"}],"predecessor-version":[{"id":34433,"href":"https:\/\/blogs.fu-berlin.de\/bibliotheken\/wp-json\/wp\/v2\/posts\/34326\/revisions\/34433"}],"wp:attachment":[{"href":"https:\/\/blogs.fu-berlin.de\/bibliotheken\/wp-json\/wp\/v2\/media?parent=34326"}],"wp:term":[{"taxonomy":"category","embeddable":true,"href":"https:\/\/blogs.fu-berlin.de\/bibliotheken\/wp-json\/wp\/v2\/categories?post=34326"},{"taxonomy":"post_tag","embeddable":true,"href":"https:\/\/blogs.fu-berlin.de\/bibliotheken\/wp-json\/wp\/v2\/tags?post=34326"}],"curies":[{"name":"wp","href":"https:\/\/api.w.org\/{rel}","templated":true}]}}