{"id":34328,"date":"2025-11-03T09:43:01","date_gmt":"2025-11-03T08:43:01","guid":{"rendered":"https:\/\/blogs.fu-berlin.de\/bibliotheken\/?p=34328"},"modified":"2025-11-05T09:43:26","modified_gmt":"2025-11-05T08:43:26","slug":"wochenvorschau-der-universitaetsbibliothek-45-kw-fuer-alle-die-mehr-wissen-wollen","status":"publish","type":"post","link":"https:\/\/blogs.fu-berlin.de\/bibliotheken\/2025\/11\/03\/wochenvorschau-der-universitaetsbibliothek-45-kw-fuer-alle-die-mehr-wissen-wollen\/","title":{"rendered":"Wochenvorschau der Universit\u00e4tsbibliothek (45. KW) \u2013 f\u00fcr alle, die mehr wissen wollen!"},"content":{"rendered":"\n<p>Die neue Woche h\u00e4lt f\u00fcr Euch viele kostenfreie Lernangebote auf Deutsch und Englisch bereit. Von der klassischen Bibliotheksf\u00fchrung zum Semesterstart bis hin zu Kursen \u00fcber wissenschaftliches Schreiben, KI sowie Literaturverwaltung \u2013 online oder vor Ort.<\/p>\n\n\n\n<figure class=\"wp-block-image size-full\"><img loading=\"lazy\" decoding=\"async\" width=\"1000\" height=\"753\" src=\"https:\/\/blogs.fu-berlin.de\/bibliotheken\/files\/2025\/10\/PXL_20250404_082306331-preview.jpg\" alt=\"\" class=\"wp-image-34329\" srcset=\"https:\/\/blogs.fu-berlin.de\/bibliotheken\/files\/2025\/10\/PXL_20250404_082306331-preview.jpg 1000w, https:\/\/blogs.fu-berlin.de\/bibliotheken\/files\/2025\/10\/PXL_20250404_082306331-preview-300x226.jpg 300w\" sizes=\"auto, (max-width: 709px) 85vw, (max-width: 909px) 67vw, (max-width: 1362px) 62vw, 840px\" \/><\/figure>\n\n\n\n<p><\/p>\n\n\n\n<p><strong>Montag, 03.11.2025 | 10:15\u201311:45<\/strong><br>\ud83e\udd16 <a href=\"https:\/\/www.fu-berlin.de\/sites\/ub\/forschen-lehren\/fortbildungen_ful\/workshops\/KI_Prompting_Teil2_2025_11_03.html\" target=\"_blank\" rel=\"noreferrer noopener\">Einf\u00fchrung ins Prompeten f\u00fcr die Text- und Bildgenerierung<\/a><br>(Hybrid-Workshop \u2013 Anmeldung erforderlich)<br>Veranstalterin: Zentralbibliothek<\/p>\n\n\n\n<p><strong>Montag, 03.11.2025 | 10:15\u201311:45<\/strong><br>\ud83e\udde0 <a href=\"https:\/\/www.fu-berlin.de\/sites\/philbib\/03chulungen-Veranstaltungsbeschreibungen\/Kurs-fuer-Mentor_innen-und-stud_-Hilfskraefte.html\" target=\"_blank\" rel=\"noreferrer noopener\">Schulung f\u00fcr Mentor*innen, Tutor*innen und studentische Hilfskr\u00e4fte<\/a><br>(Vor-Ort-Termin \u2013 Anmeldung erforderlich)<br>Veranstalterin: Philologische Bibliothek<\/p>\n\n\n\n<p><strong>Dienstag, 04.11.2025 | 10:00\u201312:00<\/strong><br>\ud83e\udde9 <a href=\"https:\/\/www.fu-berlin.de\/sites\/ub\/lernangebote\/literaturverwaltung\/literaturverwaltung_citavi\/literaturverwaltung_citavi_anfaenger\/index.html\" target=\"_blank\" rel=\"noreferrer noopener\"><\/a><a href=\"https:\/\/www.fu-berlin.de\/sites\/ub\/ueber-uns\/termine\/2025-11-04-citavi.html\">Literaturverwaltung mit Citavi<\/a><br>(Online-Workshop \u2013 Anmeldung erforderlich)<br>Veranstalterin: Zentralbibliothek<\/p>\n\n\n\n<p><strong>Dienstag, 04.11.2025 | 13:15\u201314:00<\/strong><br>\ud83d\udeb6\u200d\u2642\ufe0f <a href=\"https:\/\/www.polsoz.fu-berlin.de\/bibliothek\/lernangebote\/041125.html\" target=\"_blank\" rel=\"noreferrer noopener\">F\u00fchrung durch die Fachbibliothek Sozialwissenschaften und Osteuropastudien<\/a> <br>(Pr\u00e4senz-Termin \u2013 ohne vorherige Anmeldung, <a href=\"https:\/\/www.polsoz.fu-berlin.de\/bibliothek\/lernangebote\/index.html\" target=\"_blank\" rel=\"noreferrer noopener\">weitere Bibliotheksf\u00fchrungen am Standort<\/a>)<br>Veranstalterin: Fachbibliothek Sozialwissenschaften und Osteuropastudien<\/p>\n\n\n\n<p><strong>Dienstag, 04.11.2025 | 14:15\u201315:45<\/strong><br>\ud83c\udf93 <a href=\"https:\/\/www.wiwiss.fu-berlin.de\/bibliothek\/04Kurse\/FIN-II\/index.html\" target=\"_blank\" rel=\"noreferrer noopener\">Finalistenschulung I: Literaturrecherche<\/a> <br>(Vor-Ort-Termin \u2013 Anmeldung erforderlich)<br>Veranstalterin: Fachbibliothek Wirtschaftswissenschaft<\/p>\n\n\n\n<p><strong>Mittwoch, 05.11.2025 | 10:15\u201311:45<\/strong><br>\ud83c\udf93 <a href=\"https:\/\/www.wiwiss.fu-berlin.de\/bibliothek\/04Kurse\/FIN-II\/index.html\" target=\"_blank\" rel=\"noreferrer noopener\">Finalistenschulung II: Richtig Zitieren<\/a> <br>(Vor-Ort-Termin \u2013 Anmeldung erforderlich)<br>Veranstalterin: Fachbibliothek Wirtschaftswissenschaft<\/p>\n\n\n\n<p><strong>Mittwoch, 05.11.2025 | 11:00\u201312:30<\/strong><br>\ud83d\udd0d <a href=\"https:\/\/www.fu-berlin.de\/sites\/ub\/ueber-uns\/termine\/2025-11-05-literaturrecherche.html\" target=\"_blank\" rel=\"noreferrer noopener\">Literaturrecherche Grundschulung<\/a><br>(Vor-Ort-Termin\u2013 Anmeldung erforderlich)<br>Veranstalterin: Philologische Bibliothek<\/p>\n\n\n\n<p><strong>Mittwoch, 05.11.2025 | 16:15\u201317:45<\/strong><br>\ud83d\udcca <a href=\"https:\/\/www.fu-berlin.de\/sites\/ub\/lernangebote\/literaturrecherche\/statista\/index.html\" target=\"_blank\" rel=\"noreferrer noopener\">Zahlen und Statistiken recherchieren und zitieren<\/a><br>(Online-Workshop \u2013 Anmeldung erforderlich)<br>Veranstalterin: Zentralbibliothek<\/p>\n\n\n\n<p><strong>Donnerstag, 06.11.2025 | 10:00\u201312:00<\/strong><br>\ud83d\udcdd <a href=\"https:\/\/www.fu-berlin.de\/sites\/ub\/ueber-uns\/termine\/2025-11-06-dissertationsexpose.html\">Das Dissert<\/a><a href=\"https:\/\/www.fu-berlin.de\/sites\/philbib\/03chulungen-Veranstaltungsbeschreibungen\/Das-Dissertationsexpose.html\">a<\/a><a href=\"https:\/\/www.fu-berlin.de\/sites\/ub\/ueber-uns\/termine\/2025-11-06-dissertationsexpose.html\">tionsexpos\u00e9 in den Geisteswissenschaften<\/a><br>(Vor-Ort-Workshop \u2013 Anmeldung erforderlich)<br>Veranstalterin: Philologische Bibliothek<\/p>\n\n\n\n<p><strong>Donnerstag, 06.11.2025 | 10:00\u201311:30<\/strong><br>\ud83d\udcac <a href=\"https:\/\/www.fu-berlin.de\/en\/sites\/ub\/ueber-uns\/termine\/2025-11-06-zitieren-en.html\" target=\"_blank\" rel=\"noreferrer noopener\">How to cite properly<\/a> \ud83c\uddfa\ud83c\uddf8\ud83c\uddec\ud83c\udde7<br>(Online Workshop \u2013 advance registration required)<br>Organizer: Central Library<\/p>\n\n\n\n<p><strong>Donnerstag, 06.11.2025 | 14:15\u201316:45<\/strong><br>\ud83e\udde9 <a href=\"https:\/\/www.wiwiss.fu-berlin.de\/bibliothek\/04Kurse\/Endnote\/index.html\" target=\"_blank\" rel=\"noreferrer noopener\">Literaturverwaltung mit EndNote<\/a><br>(Vor-Ort-Workshop \u2013Anmeldung erforderlich)<br>Veranstalterin: Fachbibliothek Wirtschaftswissenschaft<\/p>\n\n\n\n<p><strong>Freitag, 07.11.2025 | 10:30\u201311:00<\/strong><br>\u2139\ufe0f <a href=\"https:\/\/www.fu-berlin.de\/sites\/ub\/ueber-uns\/termine\/2025-11-07-EndNote_Exit_Info2.html\">EndNote-Lizenzende: Informationstermin<\/a><br>(online \u2013 Anmeldung erforderlich)<br>Veranstalter: Zentralbibliothek<\/p>\n\n\n\n<p><strong>Freitag, 07.11.2025 | 12:00\u201314:00<\/strong><br>\ud83d\udd0d <a href=\"https:\/\/www.jura.fu-berlin.de\/bibliothek\/Veranstaltungen\/Bibliothekstermine\/Termine_Pool-und-DigitaleLehre\/schluesselquali02.html\">Lehrveranstaltung Schl\u00fcsselqualifikation Internetrecherche A<\/a><br>(Vor-Ort-Termin \u2013 Anmeldung erforderlich)<br>Veranstalter: Fachbibliothek Rechtswissenschaft<\/p>\n\n\n\n<p><strong>Freitag, 07.11.2025 | Selbstlernkurs<\/strong><br>\u2328\ufe0f <a href=\"https:\/\/www.wiwiss.fu-berlin.de\/bibliothek\/04Kurse\/Word\/index.html\" target=\"_blank\" rel=\"noreferrer noopener\">Word f\u00fcr Seminar- und Bachelorarbeiten<\/a> <br>(online \u2013 Anmeldung erforderlich)<br>Veranstalterin: Fachbibliothek Wirtschaftswissenschaft<\/p>\n\n\n\n<p>Dar\u00fcber hinaus k\u00f6nnen Dozent*innen der Freien Universit\u00e4t Sondertermine und Inhalte individuell <a rel=\"noreferrer noopener\" href=\"https:\/\/www.fu-berlin.de\/sites\/ub\/lernangebote\/index.html\" target=\"_blank\">mit uns vereinbaren<\/a>!<\/p>\n\n\n\n<p>(Bildquelle: Matheo Mareski-Iffl\u00e4nder)<\/p>\n","protected":false},"excerpt":{"rendered":"<p>Die neue Woche h\u00e4lt f\u00fcr Euch viele kostenfreie Lernangebote auf Deutsch und Englisch bereit. Von der klassischen Bibliotheksf\u00fchrung zum Semesterstart bis hin zu Kursen \u00fcber wissenschaftliches Schreiben, KI sowie Literaturverwaltung \u2013 online oder vor Ort. Montag, 03.11.2025 | 10:15\u201311:45\ud83e\udd16 Einf\u00fchrung ins Prompeten f\u00fcr die Text- und Bildgenerierung(Hybrid-Workshop \u2013 Anmeldung erforderlich)Veranstalterin: Zentralbibliothek Montag, 03.11.2025 | 10:15\u201311:45\ud83e\udde0 &hellip; <a href=\"https:\/\/blogs.fu-berlin.de\/bibliotheken\/2025\/11\/03\/wochenvorschau-der-universitaetsbibliothek-45-kw-fuer-alle-die-mehr-wissen-wollen\/\" class=\"more-link\"><span class=\"screen-reader-text\">\u201eWochenvorschau der Universit\u00e4tsbibliothek (45. KW) \u2013 f\u00fcr alle, die mehr wissen wollen!\u201c<\/span> weiterlesen<\/a><\/p>\n","protected":false},"author":293,"featured_media":0,"comment_status":"open","ping_status":"open","sticky":false,"template":"","format":"standard","meta":{"footnotes":""},"categories":[9],"tags":[],"class_list":["post-34328","post","type-post","status-publish","format-standard","hentry","category-allgemein"],"_links":{"self":[{"href":"https:\/\/blogs.fu-berlin.de\/bibliotheken\/wp-json\/wp\/v2\/posts\/34328","targetHints":{"allow":["GET"]}}],"collection":[{"href":"https:\/\/blogs.fu-berlin.de\/bibliotheken\/wp-json\/wp\/v2\/posts"}],"about":[{"href":"https:\/\/blogs.fu-berlin.de\/bibliotheken\/wp-json\/wp\/v2\/types\/post"}],"author":[{"embeddable":true,"href":"https:\/\/blogs.fu-berlin.de\/bibliotheken\/wp-json\/wp\/v2\/users\/293"}],"replies":[{"embeddable":true,"href":"https:\/\/blogs.fu-berlin.de\/bibliotheken\/wp-json\/wp\/v2\/comments?post=34328"}],"version-history":[{"count":5,"href":"https:\/\/blogs.fu-berlin.de\/bibliotheken\/wp-json\/wp\/v2\/posts\/34328\/revisions"}],"predecessor-version":[{"id":34351,"href":"https:\/\/blogs.fu-berlin.de\/bibliotheken\/wp-json\/wp\/v2\/posts\/34328\/revisions\/34351"}],"wp:attachment":[{"href":"https:\/\/blogs.fu-berlin.de\/bibliotheken\/wp-json\/wp\/v2\/media?parent=34328"}],"wp:term":[{"taxonomy":"category","embeddable":true,"href":"https:\/\/blogs.fu-berlin.de\/bibliotheken\/wp-json\/wp\/v2\/categories?post=34328"},{"taxonomy":"post_tag","embeddable":true,"href":"https:\/\/blogs.fu-berlin.de\/bibliotheken\/wp-json\/wp\/v2\/tags?post=34328"}],"curies":[{"name":"wp","href":"https:\/\/api.w.org\/{rel}","templated":true}]}}