{"id":34359,"date":"2025-11-10T14:06:38","date_gmt":"2025-11-10T13:06:38","guid":{"rendered":"https:\/\/blogs.fu-berlin.de\/bibliotheken\/?p=34359"},"modified":"2025-11-12T10:24:42","modified_gmt":"2025-11-12T09:24:42","slug":"wochenvorschau-der-universitaetsbibliothek-46-kw-fuer-alle-die-mehr-wissen-wollen","status":"publish","type":"post","link":"https:\/\/blogs.fu-berlin.de\/bibliotheken\/2025\/11\/10\/wochenvorschau-der-universitaetsbibliothek-46-kw-fuer-alle-die-mehr-wissen-wollen\/","title":{"rendered":"Wochenvorschau der Universit\u00e4tsbibliothek (46. KW) \u2013 f\u00fcr alle, die mehr wissen wollen!"},"content":{"rendered":"\n<p>Die neue Woche h\u00e4lt f\u00fcr Euch viele kostenfreie Lernangebote auf Deutsch und Englisch bereit. Von der klassischen Bibliotheksf\u00fchrung zum Semesterstart bis hin zu Kursen \u00fcber wissenschaftliches Schreiben, Literaturverwaltung sowie Wiki- und KI-Workshops f\u00fcr Lehrende \u2013 online, vor Ort oder hybrid.<\/p>\n\n\n\n<figure class=\"wp-block-image size-full\"><img loading=\"lazy\" decoding=\"async\" width=\"1658\" height=\"1042\" src=\"https:\/\/blogs.fu-berlin.de\/bibliotheken\/files\/2025\/06\/schulung1.png\" alt=\"\" class=\"wp-image-33967\" srcset=\"https:\/\/blogs.fu-berlin.de\/bibliotheken\/files\/2025\/06\/schulung1.png 1658w, https:\/\/blogs.fu-berlin.de\/bibliotheken\/files\/2025\/06\/schulung1-300x189.png 300w, https:\/\/blogs.fu-berlin.de\/bibliotheken\/files\/2025\/06\/schulung1-1536x965.png 1536w, https:\/\/blogs.fu-berlin.de\/bibliotheken\/files\/2025\/06\/schulung1-1200x754.png 1200w\" sizes=\"auto, (max-width: 709px) 85vw, (max-width: 909px) 67vw, (max-width: 1362px) 62vw, 840px\" \/><\/figure>\n\n\n\n<p>Das Angebot der 46. Kalenderwoche im \u00dcberblick:<\/p>\n\n\n\n<p><strong>Montag, 10.11.2025 | 14:15<strong>\u2013<\/strong>15:00<\/strong><br> \ud83c\udfc3\u200d\u2642\ufe0f <a href=\"https:\/\/www.polsoz.fu-berlin.de\/bibliothek\/lernangebote\/101125.html\">Tour in the Library of Social Science and East European Studies<\/a> (\ud83c\uddec\ud83c\udde7\ud83c\uddfa\ud83c\uddf8)<br>(in person \u2013 registration not required)<br>Organizer: Library of Social Science and East European Studies<\/p>\n\n\n\n<p><strong>Dienstag, 11.11.2025 | 09:15\u201310:00 oder 13:15\u201314:00<\/strong><br>\ud83c\udfc3\u200d\u2642\ufe0f <a href=\"https:\/\/www.polsoz.fu-berlin.de\/bibliothek\/lernangebote\/111125.html\">Bibliotheksf\u00fchrung zu Semesterbeginn in der Fachbibliothek Sozialwissenschaften und Osteuropastudien<\/a><br>(Pr\u00e4senz-Termin \u2013 ohne vorherige Anmeldung)<br>Veranstalterin: Fachbibliothek Sozialwissenschaften und Osteuropastudien<\/p>\n\n\n\n<p><strong>Dienstag, 11.11.2025 | 09:00\u201310:00<\/strong><br>\ud83c\udfc3\u200d\u2642\ufe0f <a href=\"https:\/\/www.jura.fu-berlin.de\/bibliothek\/Veranstaltungen\/Bibliothekstermine\/Bibliotheksfuehrung1.html\">F\u00fchrung durch die Fachbibliothek Rechtswissenschaft<\/a><br>(Pr\u00e4senz-Termin \u2013 ohne vorherige Anmeldung)<br>Veranstalterin: Fachbibliothek Rechtswissenschaft<\/p>\n\n\n\n<p><strong>Dienstag, 11.11.2025 | 10:15\u201312:30<\/strong><br><a href=\"https:\/\/www.fu-berlin.de\/sites\/ub\/ueber-uns\/termine\/2025-11-11-endnote.html\">\ud83e\udde9 EndNote f\u00fcr Anf\u00e4nger<\/a><br>(Online-Workshop \u2013 Anmeldung erforderlich)<br>Veranstalterin: Zentralbibliothek<\/p>\n\n\n\n<p><strong>Mittwoch, 12.11.2025 | 10:00\u201312:00<\/strong><br>\ud83c\udf10 <a href=\"http:\/\/www.fu-berlin.de\/sites\/ub\/forschen-lehren\/fortbildungen_ful\/workshops\/Wiki_Forschung_2025_11_12.html\">Teamwork leicht gemacht: Das FU-Wikisystem \u201cConfluence\u201d f\u00fcr Forschende<\/a><br>(Online-Workshop f\u00fcr Forschende \u2013 Anmeldung erforderlich)<br>Veranstalterin: Zentralbibliothek<\/p>\n\n\n\n<p><strong>Mittwoch, 12.11.2025 | 11:00\u201312:30<\/strong><br>\ud83d\udd0d <a href=\"https:\/\/www.fu-berlin.de\/sites\/ub\/ueber-uns\/termine\/2025-11-12-literaturrecherche.html\">Literaturrecherche Grundschulung<\/a><br>(Vor-Ort-Termin \u2013 Anmeldung erforderlich)<br>Veranstalterin: Philologische Bibliothek<\/p>\n\n\n\n<p><strong>Mittwoch, 12.11.2025 | 14:00\u201315:00<\/strong><br><a href=\"https:\/\/www.fu-berlin.de\/sites\/campusbib\/Lernangebote\/Lernangebot-des-Monats\/BIBGuide_Bibliothek_Recherche.html\">\ud83d\udd0d BIBGuide \u2013 Bibliothek+Recherche<\/a><br>(Vor-Ort-Termin \u2013 ohne vorherige Anmeldung)<br>Veranstalterin: Campusbibliothek<\/p>\n\n\n\n<p><strong>Donnerstag, 13.11.2025 | 15:15\u201315:45<\/strong><br>\u2615<a href=\"https:\/\/www.geo.fu-berlin.de\/bibliotheken\/Termine\/CL25-26_A-brief-guide-to-image-use-and-copyright.html\"> Coffee Lecture: A brief guide to image use and copyright<\/a> (\ud83c\uddec\ud83c\udde7\ud83c\uddfa\ud83c\uddf8)<br>(online \u2013 registration not required)<br>Organizer: Earth Sciences Library<\/p>\n\n\n\n<p><strong>Freitag, 14.11.2025 | 10:00\u201311:00<br><\/strong>\ud83e\udd16 <a href=\"https:\/\/www.it.fu-berlin.de\/unsere-services\/kompetenzentwicklung\/fortbildungen\/workshops\/KI_FU\/2025-11-14_KI-Hausarbeiten.html\">KI@FU &#8211; KI und Hausarbeiten: Wege zu einem verantwortungsvollen Einsatz<\/a><br>(Online-Workshop f\u00fcr Lehrende \u2013 Anmeldung erforderlich)<br>Veranstalter: FUB-IT<\/p>\n\n\n\n<p>Dar\u00fcber hinaus k\u00f6nnen Dozent*innen der Freien Universit\u00e4t Sondertermine und Inhalte individuell <a href=\"https:\/\/www.fu-berlin.de\/sites\/ub\/lernangebote\/index.html\" target=\"_blank\" rel=\"noreferrer noopener\">mit uns vereinbaren<\/a>!<\/p>\n\n\n\n<p>(Bildquelle: Marc Spieseke)<\/p>\n","protected":false},"excerpt":{"rendered":"<p>Die neue Woche h\u00e4lt f\u00fcr Euch viele kostenfreie Lernangebote auf Deutsch und Englisch bereit. Von der klassischen Bibliotheksf\u00fchrung zum Semesterstart bis hin zu Kursen \u00fcber wissenschaftliches Schreiben, Literaturverwaltung sowie Wiki- und KI-Workshops f\u00fcr Lehrende \u2013 online, vor Ort oder hybrid. Das Angebot der 46. Kalenderwoche im \u00dcberblick: Montag, 10.11.2025 | 14:15\u201315:00 \ud83c\udfc3\u200d\u2642\ufe0f Tour in the &hellip; <a href=\"https:\/\/blogs.fu-berlin.de\/bibliotheken\/2025\/11\/10\/wochenvorschau-der-universitaetsbibliothek-46-kw-fuer-alle-die-mehr-wissen-wollen\/\" class=\"more-link\"><span class=\"screen-reader-text\">\u201eWochenvorschau der Universit\u00e4tsbibliothek (46. KW) \u2013 f\u00fcr alle, die mehr wissen wollen!\u201c<\/span> weiterlesen<\/a><\/p>\n","protected":false},"author":293,"featured_media":0,"comment_status":"open","ping_status":"open","sticky":false,"template":"","format":"standard","meta":{"footnotes":""},"categories":[9,600,457816,491,493,601,70],"tags":[9983,368743,584959,1561,188173,226008,504,1859],"class_list":["post-34359","post","type-post","status-publish","format-standard","hentry","category-allgemein","category-fachbibliotheken","category-lehr-lernservices","category-lernangebote-kurse","category-recherchetipps","category-universitatsbibliothek","category-veranstaltungen","tag-bibliothekseinfuhrung","tag-coffee-lecture","tag-confluence","tag-endnote","tag-ki","tag-kuenstliche-intelligenz","tag-literaturrecherche","tag-literaturverwaltung"],"_links":{"self":[{"href":"https:\/\/blogs.fu-berlin.de\/bibliotheken\/wp-json\/wp\/v2\/posts\/34359","targetHints":{"allow":["GET"]}}],"collection":[{"href":"https:\/\/blogs.fu-berlin.de\/bibliotheken\/wp-json\/wp\/v2\/posts"}],"about":[{"href":"https:\/\/blogs.fu-berlin.de\/bibliotheken\/wp-json\/wp\/v2\/types\/post"}],"author":[{"embeddable":true,"href":"https:\/\/blogs.fu-berlin.de\/bibliotheken\/wp-json\/wp\/v2\/users\/293"}],"replies":[{"embeddable":true,"href":"https:\/\/blogs.fu-berlin.de\/bibliotheken\/wp-json\/wp\/v2\/comments?post=34359"}],"version-history":[{"count":7,"href":"https:\/\/blogs.fu-berlin.de\/bibliotheken\/wp-json\/wp\/v2\/posts\/34359\/revisions"}],"predecessor-version":[{"id":34366,"href":"https:\/\/blogs.fu-berlin.de\/bibliotheken\/wp-json\/wp\/v2\/posts\/34359\/revisions\/34366"}],"wp:attachment":[{"href":"https:\/\/blogs.fu-berlin.de\/bibliotheken\/wp-json\/wp\/v2\/media?parent=34359"}],"wp:term":[{"taxonomy":"category","embeddable":true,"href":"https:\/\/blogs.fu-berlin.de\/bibliotheken\/wp-json\/wp\/v2\/categories?post=34359"},{"taxonomy":"post_tag","embeddable":true,"href":"https:\/\/blogs.fu-berlin.de\/bibliotheken\/wp-json\/wp\/v2\/tags?post=34359"}],"curies":[{"name":"wp","href":"https:\/\/api.w.org\/{rel}","templated":true}]}}