{"id":34377,"date":"2025-11-17T07:00:00","date_gmt":"2025-11-17T06:00:00","guid":{"rendered":"https:\/\/blogs.fu-berlin.de\/bibliotheken\/?p=34377"},"modified":"2025-11-14T20:38:00","modified_gmt":"2025-11-14T19:38:00","slug":"wochenvorschau-der-universitaetsbibliothek-47-kw-fuer-alle-die-mehr-wissen-wollen","status":"publish","type":"post","link":"https:\/\/blogs.fu-berlin.de\/bibliotheken\/2025\/11\/17\/wochenvorschau-der-universitaetsbibliothek-47-kw-fuer-alle-die-mehr-wissen-wollen\/","title":{"rendered":"Wochenvorschau der Universit\u00e4tsbibliothek (47. KW) \u2013 f\u00fcr alle, die mehr wissen wollen!"},"content":{"rendered":"\n<p>Die neue Woche h\u00e4lt f\u00fcr Euch viele kostenfreie Lernangebote auf Deutsch und Englisch bereit. Von der klassischen Bibliotheksf\u00fchrung zum Semesterstart bis hin zu Kursen \u00fcber wissenschaftliches Schreiben, Literaturverwaltung, Open Access sowie Video-Content-Erstellung f\u00fcr Lehrende \u2013 online, vor Ort oder hybrid.<\/p>\n\n\n\n<figure class=\"wp-block-image size-full\"><img loading=\"lazy\" decoding=\"async\" width=\"1000\" height=\"753\" src=\"https:\/\/blogs.fu-berlin.de\/bibliotheken\/files\/2025\/10\/PXL_20250404_082306331-preview.jpg\" alt=\"\" class=\"wp-image-34329\" srcset=\"https:\/\/blogs.fu-berlin.de\/bibliotheken\/files\/2025\/10\/PXL_20250404_082306331-preview.jpg 1000w, https:\/\/blogs.fu-berlin.de\/bibliotheken\/files\/2025\/10\/PXL_20250404_082306331-preview-300x226.jpg 300w\" sizes=\"auto, (max-width: 709px) 85vw, (max-width: 909px) 67vw, (max-width: 1362px) 62vw, 840px\" \/><\/figure>\n\n\n\n<p>Das Angebot der 47. Kalenderwoche im \u00dcberblick:<\/p>\n\n\n\n<p><strong>Montag, 17.11.2025 | 10:00\u201312:00<\/strong><br>\ud83c\udfac <a href=\"https:\/\/www.it.fu-berlin.de\/unsere-services\/kompetenzentwicklung\/fortbildungen\/workshops\/Sprechstunden\/2025-11-17_4You-Videoberatung.html\">4You: Individuelle Beratung zu Videos<\/a><br>(Online-Beratung f\u00fcr Lehrende und Mitarbeitende \u2013 Anmeldung erforderlich)<br>Veranstalterin: FUB-IT<\/p>\n\n\n\n<p><strong>Montag, 17.11.2025 | 10:00\u201311:30<\/strong><br>\ud83d\udd0d <a href=\"https:\/\/www.fu-berlin.de\/sites\/ub\/ueber-uns\/termine\/2025-11-17-literaturrecherche.html\">Literaturrecherche Grundschulung<\/a><br>(Vor-Ort-Termin \u2013 Anmeldung erforderlich)<br>Veranstalterin: Philologische Bibliothek<\/p>\n\n\n\n<p><strong>Montag, 17.11.2025 | 10:15\u201311:45<\/strong><br>\ud83d\udd0d <a href=\"https:\/\/www.wiwiss.fu-berlin.de\/bibliothek\/termine\/FIN-I-17_11.html\">Finalistenschulung I: Literaturrecherche f\u00fcr Finalisten des Fachbereichs Wirtschaftswissenschaft<\/a><br>(Vor-Ort-Termin \u2013 Anmeldung erforderlich)<br>Veranstalterin: Fachbibliothek Wirtschaftswissenschaft<\/p>\n\n\n\n<p><strong>Dienstag, 18.11.2025 | 10:00\u201313:00<\/strong><br>\ud83c\udfac <a href=\"https:\/\/www.it.fu-berlin.de\/unsere-services\/kompetenzentwicklung\/fortbildungen\/workshops\/Werkzeuge\/2025-11-18_Mobile-Videos.html\">Lehrvideos mit Smartphone &amp; Tablet kompakt<\/a><br>(Vor-Ort-Termin f\u00fcr Lehrende und Mitarbeitende \u2013 Anmeldung erforderlich)<br>Veranstalterin: FUB-IT<\/p>\n\n\n\n<p><strong>Dienstag, 18.11.2025 | 14:45\u201315:45<\/strong><br>\ud83e\udde9 <a href=\"https:\/\/www.wiwiss.fu-berlin.de\/bibliothek\/termine\/Workspace18_11.html\">Training Workspace for students<\/a><br>(online \u2013 registration required)<br>Organizer: Library of Economics<\/p>\n\n\n\n<p><strong>Dienstag, 18.11.2025 | 16:15\u201317:45<\/strong><br>\u2712\ufe0f <a href=\"https:\/\/www.fu-berlin.de\/sites\/ub\/ueber-uns\/termine\/2025-11-18-workshop-aufbau-gliederung.html\">Schreibworkshop: Wie baue ich eine wissenschaftliche Arbeit auf? Gliederung und roter Faden<\/a><br>(Hybrid \u2013 Anmeldung erforderlich)<br>Veranstalterin: Zentralbibliothek<br><br><strong>Mittwoch, 19.11.2025 | 10:00\u201312:00<\/strong><br>\ud83e\udde9 <a href=\"https:\/\/www.fu-berlin.de\/sites\/ub\/forschen-lehren\/fortbildungen_ful\/workshops\/Miro_2025_11_19.html\">Einf\u00fchrung in Miro &#8211; das kollaborative Online-Whiteboard<\/a><br>(online \u2013 Anmeldung erforderlich)<br>Veranstalterin: Zentralbibliothek<\/p>\n\n\n\n<p><strong>Mittwoch, 19.11.2025 | 14:15\u201314:45<\/strong><br>\u275d\u275e <a href=\"https:\/\/www.wiwiss.fu-berlin.de\/bibliothek\/termine\/FIN-II-19_11.html\">Finalistenschulung II: Richtig Zitieren f\u00fcr Finalisten des Fachbereichs Wirtschaftswissenschaft<\/a><br>(Vor-Ort-Termin \u2013 Anmeldung erforderlich)<br>Veranstalterin: Fachbibliothek Wirtschaftswissenschaft<\/p>\n\n\n\n<p><strong>Donnerstag, 20.11.2025 | 10:00\u201313:00<\/strong><br>\ud83c\udfac <a href=\"https:\/\/www.it.fu-berlin.de\/unsere-services\/kompetenzentwicklung\/fortbildungen\/workshops\/Werkzeuge\/2025-11-20_DaVinci.html\">Schnitt-Programm DaVinci Resolve f\u00fcr Anf\u00e4nger<\/a><br>(Online \u2013 Anmeldung erforderlich)<br>Veranstalterin: FUB-IT<\/p>\n\n\n\n<p><strong>Donnerstag, 20.11.2025 | 10:00\u201311:30<\/strong><br>\ud83d\udd0d <a href=\"https:\/\/www.fu-berlin.de\/sites\/ub\/ueber-uns\/termine\/2025-11-20-literaturrecherche.html\">Literaturrecherche Grundschulung<\/a><br>(Vor-Ort-Termin \u2013 Anmeldung erforderlich)<br>Veranstalterin: Philologische Bibliothek<\/p>\n\n\n\n<p><strong>Donnerstag, 20.11.2025 | 11:00\u201312:00<\/strong><br>\ud83c\udfc3\u200d\u2642\ufe0f <a href=\"https:\/\/www.fu-berlin.de\/sites\/ub\/ueber-uns\/termine\/2025-11-20-primo-en.html\">Introduction to Libraries and Library Services<\/a><br>(in person \u2013 registration required)<br>Organizer: Central Library<\/p>\n\n\n\n<p><strong>Donnerstag, 20.11.2025 | 15:15\u201315:45<\/strong><br>\u2615 <a href=\"https:\/\/www.geo.fu-berlin.de\/bibliotheken\/Termine\/CL25-26_Recherchestrategie.html\">Coffee Lecture: Recherchestrategie<\/a><br>(Vor-Ort-Termin \u2013 ohne Anmeldung)<br>Veranstalterin: Fachbibliothek Geowissenschaften<\/p>\n\n\n\n<p><strong>Donnerstag, 20.11.2025 | Selbstlernkurs<\/strong><br>\u2328\ufe0f <a href=\"https:\/\/www.wiwiss.fu-berlin.de\/bibliothek\/04Kurse\/Word\/index.html\" target=\"_blank\" rel=\"noreferrer noopener\">Word f\u00fcr Seminar- und Bachelorarbeiten<\/a><br>(online \u2013 Anmeldung erforderlich)<br>Veranstalterin: Fachbibliothek Wirtschaftswissenschaft<\/p>\n\n\n\n<p><strong>Freitag, 21.11.2025 | 9:00\u201310:30<\/strong><br>\ud83d\udd0d <a href=\"https:\/\/www.jura.fu-berlin.de\/bibliothek\/Veranstaltungen\/Bibliothekstermine\/Termine_Pool-und-DigitaleLehre\/webeinfuehrung2.html\">Kurzeinf\u00fchrung in die Webrecherche<\/a><br>(Vor-Ort-Termin \u2013 Anmeldung erforderlich)<br>Veranstalterin: Fachbibliothek Rechtswissenschaft<\/p>\n\n\n\n<p><strong>Freitag, 21.11.2025 | 10:00\u201314:00<\/strong><br>\ud83c\udfac <a href=\"https:\/\/www.it.fu-berlin.de\/unsere-services\/kompetenzentwicklung\/fortbildungen\/workshops\/Werkzeuge\/2025-11-21_Videos-in-der-Lehre.html\">Videos in der Lehre<\/a><br>(Vor-Ort-Termin f\u00fcr Lehrende und Mitarbeitende \u2013 Anmeldung erforderlich)<br>Veranstalterin: FUB-IT<\/p>\n\n\n\n<p><strong>Freitag, 21.11.2025 | 10:15\u201312:45<\/strong><br>\ud83e\udde9 <a href=\"https:\/\/www.wiwiss.fu-berlin.de\/bibliothek\/04Kurse\/Endnote\/index.html\">Einf\u00fchrung Literaturverwaltung mit EndNote<\/a><br>(Vor-Ort-Termin \u2013 Anmeldung erforderlich)<br>Veranstalterin: Fachbibliothek Wirtschaftswissenschaft<\/p>\n\n\n\n<p><strong>Freitag, 21.11.2025 | 12:00\u201313:00<\/strong><br>\ud83d\udd13 <a href=\"https:\/\/www.jura.fu-berlin.de\/bibliothek\/Veranstaltungen\/Bibliothekstermine\/Termine_Pool-und-DigitaleLehre\/EinfuehrungOpenAccess1.html\">Einf\u00fchrung Open Access in der Rechtswissenschaft<\/a><br>(Vor-Ort-Termin \u2013 Anmeldung erforderlich)<br>Veranstalterin: Fachbibliothek Rechtswissenschaft<\/p>\n\n\n\n<p><strong>Freitag, 21.11.2025 | 12:00\u201314:00<\/strong><br>\ud83d\udd0d <a href=\"https:\/\/www.jura.fu-berlin.de\/bibliothek\/Veranstaltungen\/Bibliothekstermine\/Termine_Pool-und-DigitaleLehre\/schluesselquali03.html\">Schl\u00fcsselqualifikation Internetrecherche f\u00fcr das Studium der Rechtswissenschaft<\/a><br>(Vor-Ort-Termin \u2013 Anmeldung erforderlich)<br>Veranstalterin: Fachbibliothek Rechtswissenschaft<\/p>\n\n\n\n<p>Dar\u00fcber hinaus k\u00f6nnen Dozent*innen der Freien Universit\u00e4t Sondertermine und Inhalte individuell <a href=\"https:\/\/www.fu-berlin.de\/sites\/ub\/lernangebote\/index.html\" target=\"_blank\" rel=\"noreferrer noopener\">mit uns vereinbaren<\/a>!<\/p>\n\n\n\n<p>(Bildquelle: Matheo Mareski-Iffl\u00e4nder)<\/p>\n","protected":false},"excerpt":{"rendered":"<p>Die neue Woche h\u00e4lt f\u00fcr Euch viele kostenfreie Lernangebote auf Deutsch und Englisch bereit. Von der klassischen Bibliotheksf\u00fchrung zum Semesterstart bis hin zu Kursen \u00fcber wissenschaftliches Schreiben, Literaturverwaltung, Open Access sowie Video-Content-Erstellung f\u00fcr Lehrende \u2013 online, vor Ort oder hybrid. Das Angebot der 47. Kalenderwoche im \u00dcberblick: Montag, 17.11.2025 | 10:00\u201312:00\ud83c\udfac 4You: Individuelle Beratung zu &hellip; <a href=\"https:\/\/blogs.fu-berlin.de\/bibliotheken\/2025\/11\/17\/wochenvorschau-der-universitaetsbibliothek-47-kw-fuer-alle-die-mehr-wissen-wollen\/\" class=\"more-link\"><span class=\"screen-reader-text\">\u201eWochenvorschau der Universit\u00e4tsbibliothek (47. KW) \u2013 f\u00fcr alle, die mehr wissen wollen!\u201c<\/span> weiterlesen<\/a><\/p>\n","protected":false},"author":293,"featured_media":0,"comment_status":"open","ping_status":"open","sticky":false,"template":"","format":"standard","meta":{"footnotes":""},"categories":[9,600,457816,491,518,493,70],"tags":[368743,584963,1561,584961,504,1859,584954,552,584831,584962,25],"class_list":["post-34377","post","type-post","status-publish","format-standard","hentry","category-allgemein","category-fachbibliotheken","category-lehr-lernservices","category-lernangebote-kurse","category-fu-kataloge","category-recherchetipps","category-veranstaltungen","tag-coffee-lecture","tag-davinci-resolve","tag-endnote","tag-lehrvideos","tag-literaturrecherche","tag-literaturverwaltung","tag-microsoft-word","tag-open-access","tag-schreibworkshop","tag-wissenschaftliche-arbeit","tag-zitieren"],"_links":{"self":[{"href":"https:\/\/blogs.fu-berlin.de\/bibliotheken\/wp-json\/wp\/v2\/posts\/34377","targetHints":{"allow":["GET"]}}],"collection":[{"href":"https:\/\/blogs.fu-berlin.de\/bibliotheken\/wp-json\/wp\/v2\/posts"}],"about":[{"href":"https:\/\/blogs.fu-berlin.de\/bibliotheken\/wp-json\/wp\/v2\/types\/post"}],"author":[{"embeddable":true,"href":"https:\/\/blogs.fu-berlin.de\/bibliotheken\/wp-json\/wp\/v2\/users\/293"}],"replies":[{"embeddable":true,"href":"https:\/\/blogs.fu-berlin.de\/bibliotheken\/wp-json\/wp\/v2\/comments?post=34377"}],"version-history":[{"count":15,"href":"https:\/\/blogs.fu-berlin.de\/bibliotheken\/wp-json\/wp\/v2\/posts\/34377\/revisions"}],"predecessor-version":[{"id":34392,"href":"https:\/\/blogs.fu-berlin.de\/bibliotheken\/wp-json\/wp\/v2\/posts\/34377\/revisions\/34392"}],"wp:attachment":[{"href":"https:\/\/blogs.fu-berlin.de\/bibliotheken\/wp-json\/wp\/v2\/media?parent=34377"}],"wp:term":[{"taxonomy":"category","embeddable":true,"href":"https:\/\/blogs.fu-berlin.de\/bibliotheken\/wp-json\/wp\/v2\/categories?post=34377"},{"taxonomy":"post_tag","embeddable":true,"href":"https:\/\/blogs.fu-berlin.de\/bibliotheken\/wp-json\/wp\/v2\/tags?post=34377"}],"curies":[{"name":"wp","href":"https:\/\/api.w.org\/{rel}","templated":true}]}}