{"id":34421,"date":"2025-12-03T07:52:58","date_gmt":"2025-12-03T06:52:58","guid":{"rendered":"https:\/\/blogs.fu-berlin.de\/bibliotheken\/?p=34421"},"modified":"2025-12-03T07:54:28","modified_gmt":"2025-12-03T06:54:28","slug":"zum-100-geburtstag-von-claude-lanzmann-recherchen-zu-shoah-erstmals-online-zugaenglich","status":"publish","type":"post","link":"https:\/\/blogs.fu-berlin.de\/bibliotheken\/2025\/12\/03\/zum-100-geburtstag-von-claude-lanzmann-recherchen-zu-shoah-erstmals-online-zugaenglich\/","title":{"rendered":"Zum 100. Geburtstag von Claude Lanzmann: Recherchen zu Shoah erstmals online zug\u00e4nglich"},"content":{"rendered":"\n<figure class=\"wp-block-gallery has-nested-images columns-default is-cropped wp-block-gallery-1 is-layout-flex wp-block-gallery-is-layout-flex\">\n<figure class=\"wp-block-image size-large\"><img loading=\"lazy\" decoding=\"async\" width=\"1876\" height=\"970\" data-id=\"34425\" src=\"https:\/\/blogs.fu-berlin.de\/bibliotheken\/files\/2025\/11\/Screenshot-Jacob_Werbin_Sammlung_Lanzmann_in_OHD.jpg\" alt=\"\" class=\"wp-image-34425\" srcset=\"https:\/\/blogs.fu-berlin.de\/bibliotheken\/files\/2025\/11\/Screenshot-Jacob_Werbin_Sammlung_Lanzmann_in_OHD.jpg 1876w, https:\/\/blogs.fu-berlin.de\/bibliotheken\/files\/2025\/11\/Screenshot-Jacob_Werbin_Sammlung_Lanzmann_in_OHD-300x155.jpg 300w, https:\/\/blogs.fu-berlin.de\/bibliotheken\/files\/2025\/11\/Screenshot-Jacob_Werbin_Sammlung_Lanzmann_in_OHD-1536x794.jpg 1536w, https:\/\/blogs.fu-berlin.de\/bibliotheken\/files\/2025\/11\/Screenshot-Jacob_Werbin_Sammlung_Lanzmann_in_OHD-1200x620.jpg 1200w\" sizes=\"auto, (max-width: 709px) 85vw, (max-width: 909px) 67vw, (max-width: 1362px) 62vw, 840px\" \/><\/figure>\n\n\n\n<figure class=\"wp-block-image size-large\"><img loading=\"lazy\" decoding=\"async\" width=\"1848\" height=\"1025\" data-id=\"34424\" src=\"https:\/\/blogs.fu-berlin.de\/bibliotheken\/files\/2025\/11\/ScreenshotSammlungLanzmann_in-OHD_v1.jpg\" alt=\"\" class=\"wp-image-34424\" srcset=\"https:\/\/blogs.fu-berlin.de\/bibliotheken\/files\/2025\/11\/ScreenshotSammlungLanzmann_in-OHD_v1.jpg 1848w, https:\/\/blogs.fu-berlin.de\/bibliotheken\/files\/2025\/11\/ScreenshotSammlungLanzmann_in-OHD_v1-300x166.jpg 300w, https:\/\/blogs.fu-berlin.de\/bibliotheken\/files\/2025\/11\/ScreenshotSammlungLanzmann_in-OHD_v1-1536x852.jpg 1536w, https:\/\/blogs.fu-berlin.de\/bibliotheken\/files\/2025\/11\/ScreenshotSammlungLanzmann_in-OHD_v1-1200x666.jpg 1200w\" sizes=\"auto, (max-width: 709px) 85vw, (max-width: 909px) 67vw, (max-width: 1362px) 62vw, 840px\" \/><\/figure>\n<\/figure>\n\n\n\n<p class=\"has-text-align-center\"><sup>Bild 1: Interviewansicht Jacob Werbin, Sammlung Lanzmann in OH.D<br>Bild 2: Sammlung Lanzmann in OH.D<\/sup><\/p>\n\n\n\n<p>Zum ersten Mal werden die digitalisierten Audio-Aufnahmen aus Claude Lanzmanns Recherchematerial zum Dokumentarfilm Shoah (1985) online bereitgestellt. Als Kooperationspartner unterst\u00fctzen wir das <a href=\"https:\/\/www.jmberlin.de\/\" data-type=\"link\" data-id=\"https:\/\/www.jmberlin.de\/\" target=\"_blank\" rel=\"noreferrer noopener\">J\u00fcdischen Museum Berlin <\/a>dabei, dieses einzigartige Zeitzeugenarchiv \u00fcber das Interviewportal <a href=\"https:\/\/www.oral-history.digital\/\" data-type=\"link\" data-id=\"https:\/\/www.oral-history.digital\/\" target=\"_blank\" rel=\"noreferrer noopener\">Oral-History.Digital <\/a>zug\u00e4nglich zu machen.<\/p>\n\n\n\n<p><strong>Was ist neu?<\/strong><\/p>\n\n\n\n<ul class=\"wp-block-list\">\n<li><strong>Ausstellung \u201eClaude Lanzmann. Die Aufzeichnungen\u201c<\/strong><br>27.11.2025\u201312.04.2026 im J\u00fcdischen Museum Berlin<\/li>\n\n\n\n<li><strong>Onlinezugang Sammlung Lanzmann<\/strong><br>Erste vollst\u00e4ndig zug\u00e4ngliche Aufnahmen ab 28.11.2025 (Registrierung erforderlich); der gesamte Bestand folgt sukzessive bis Ende 2027.<\/li>\n\n\n\n<li><strong>Archivumfang<\/strong><br>152 digitalisierte und transkribierte Audiokassetten \u2013 auf Franz\u00f6sisch, Deutsch, Englisch, Hebr\u00e4isch, Jiddisch, Italienisch und Polnisch.<\/li>\n\n\n\n<li><strong>UNESCO-Auszeichnung<\/strong><br>Sammlung und Film Shoah sind im Register <a href=\"https:\/\/www.unesco.de\/staette\/shoah-von-claude-lanzmann-restauriertes-35-mm-filmnegativ-und-audioarchiv-zeugen-der-geschichte-der-shoah\/\" data-type=\"link\" data-id=\"https:\/\/www.unesco.de\/staette\/shoah-von-claude-lanzmann-restauriertes-35-mm-filmnegativ-und-audioarchiv-zeugen-der-geschichte-der-shoah\/\" target=\"_blank\" rel=\"noreferrer noopener\">Memory of the World<\/a> verzeichnet.<\/li>\n<\/ul>\n\n\n\n<p><strong>Unsere Rolle<\/strong><br>Der Arbeitsbereich <a href=\"https:\/\/www.fu-berlin.de\/sites\/ub\/forschen-lehren\/forschen\/dis\/index.html\" data-type=\"link\" data-id=\"https:\/\/www.fu-berlin.de\/sites\/ub\/forschen-lehren\/forschen\/dis\/index.html\" target=\"_blank\" rel=\"noreferrer noopener\">Digitale Interviewsammlungen<\/a> der Universit\u00e4tsbibliothek begleitet das Erschlie\u00dfungsprojekt und stellt mit Oral-History.Digital eine datenschutzkonforme Plattform f\u00fcr Recherche, Volltextsuche und Annotation bereit. So erhalten Forschende und Interessierte Zugang zu Quellen, Transkripten und begleitenden Materialien.<br><br><strong>In der Ausstellung vor Ort<\/strong><br>Rund 90 Minuten der atmosph\u00e4risch dichten Aufnahmen aus den 1970er Jahren stehen per Kopfh\u00f6rer bereit \u2013 Ausz\u00fcge aus Gespr\u00e4che Lanzmanns mit \u00dcberlebenden, Zeugen und T\u00e4tern sowie von einer Ortsbegehung in der Gedenkst\u00e4tte Auschwitz.<br><br><strong>Warum das wichtig ist<\/strong><br>Gef\u00f6rdert durch das Ausw\u00e4rtige Amt und die Alfred Landecker Foundation bewahrt das Archiv zentrale Zeugnisse der Erinnerung an die Shoah.<br>Es macht Stimmen aus den 1970er Jahren dauerhaft h\u00f6rbar und beforschbar \u2013 ein wichtiger Beitrag gegen Vergessen und zunehmenden Antisemitismus.<br><br><strong>Weitere Informationen &amp; Anh\u00f6ren<\/strong><\/p>\n\n\n\n<ul class=\"wp-block-list\">\n<li>Ausstellung JMB: <a href=\"https:\/\/www.jmberlin.de\/ausstellung-claude-lanzmann-die-aufzeichnungen \">www.jmberlin.de\/ausstellung-claude-lanzmann-die-aufzeichnungen<\/a><\/li>\n\n\n\n<li>Sammlung Lanzmann: <a href=\"https:\/\/portal.oral-history.digital\/jmb-laa\/de\">portal.oral-history.digital\/jmb-laa\/de<\/a><\/li>\n\n\n\n<li>Plattform: <a href=\"https:\/\/www.oral-history.digital\/\">www.oral-history.digital\/<\/a><\/li>\n<\/ul>\n\n\n\n<p><strong>Kontakt:<\/strong><br>Dorothee Wein \u2013 Team Digitale Interviewsammlungen, Universit\u00e4tsbibliothek der Freien Universit\u00e4t Berlin<br>E-Mail: dorothee.wein@ub.fu-berlin.de<\/p>\n","protected":false},"excerpt":{"rendered":"<p>Bild 1: Interviewansicht Jacob Werbin, Sammlung Lanzmann in OH.DBild 2: Sammlung Lanzmann in OH.D Zum ersten Mal werden die digitalisierten Audio-Aufnahmen aus Claude Lanzmanns Recherchematerial zum Dokumentarfilm Shoah (1985) online bereitgestellt. Als Kooperationspartner unterst\u00fctzen wir das J\u00fcdischen Museum Berlin dabei, dieses einzigartige Zeitzeugenarchiv \u00fcber das Interviewportal Oral-History.Digital zug\u00e4nglich zu machen. Was ist neu? Unsere RolleDer &hellip; <a href=\"https:\/\/blogs.fu-berlin.de\/bibliotheken\/2025\/12\/03\/zum-100-geburtstag-von-claude-lanzmann-recherchen-zu-shoah-erstmals-online-zugaenglich\/\" class=\"more-link\"><span class=\"screen-reader-text\">\u201eZum 100. Geburtstag von Claude Lanzmann: Recherchen zu Shoah erstmals online zug\u00e4nglich\u201c<\/span> weiterlesen<\/a><\/p>\n","protected":false},"author":1427,"featured_media":0,"comment_status":"open","ping_status":"open","sticky":false,"template":"","format":"standard","meta":{"footnotes":""},"categories":[493,457834,584805],"tags":[201675,276947,2593],"class_list":["post-34421","post","type-post","status-publish","format-standard","hentry","category-recherchetipps","category-universitaetssammlungen","category-was-ist-neu","tag-digitale-interview-sammlungen","tag-kooperationen","tag-oral-history"],"_links":{"self":[{"href":"https:\/\/blogs.fu-berlin.de\/bibliotheken\/wp-json\/wp\/v2\/posts\/34421","targetHints":{"allow":["GET"]}}],"collection":[{"href":"https:\/\/blogs.fu-berlin.de\/bibliotheken\/wp-json\/wp\/v2\/posts"}],"about":[{"href":"https:\/\/blogs.fu-berlin.de\/bibliotheken\/wp-json\/wp\/v2\/types\/post"}],"author":[{"embeddable":true,"href":"https:\/\/blogs.fu-berlin.de\/bibliotheken\/wp-json\/wp\/v2\/users\/1427"}],"replies":[{"embeddable":true,"href":"https:\/\/blogs.fu-berlin.de\/bibliotheken\/wp-json\/wp\/v2\/comments?post=34421"}],"version-history":[{"count":5,"href":"https:\/\/blogs.fu-berlin.de\/bibliotheken\/wp-json\/wp\/v2\/posts\/34421\/revisions"}],"predecessor-version":[{"id":34430,"href":"https:\/\/blogs.fu-berlin.de\/bibliotheken\/wp-json\/wp\/v2\/posts\/34421\/revisions\/34430"}],"wp:attachment":[{"href":"https:\/\/blogs.fu-berlin.de\/bibliotheken\/wp-json\/wp\/v2\/media?parent=34421"}],"wp:term":[{"taxonomy":"category","embeddable":true,"href":"https:\/\/blogs.fu-berlin.de\/bibliotheken\/wp-json\/wp\/v2\/categories?post=34421"},{"taxonomy":"post_tag","embeddable":true,"href":"https:\/\/blogs.fu-berlin.de\/bibliotheken\/wp-json\/wp\/v2\/tags?post=34421"}],"curies":[{"name":"wp","href":"https:\/\/api.w.org\/{rel}","templated":true}]}}