{"id":34435,"date":"2025-12-01T09:46:34","date_gmt":"2025-12-01T08:46:34","guid":{"rendered":"https:\/\/blogs.fu-berlin.de\/bibliotheken\/?p=34435"},"modified":"2025-12-01T09:46:34","modified_gmt":"2025-12-01T08:46:34","slug":"nachhaltigkeit-in-der-fami-ausbildung-workshoptag-an-der-berufsschule-in-leipzig","status":"publish","type":"post","link":"https:\/\/blogs.fu-berlin.de\/bibliotheken\/2025\/12\/01\/nachhaltigkeit-in-der-fami-ausbildung-workshoptag-an-der-berufsschule-in-leipzig\/","title":{"rendered":"Nachhaltigkeit in der FaMI-Ausbildung &#8211; Workshoptag an der Berufsschule in Leipzig"},"content":{"rendered":"\n<p>Eine gro\u00dfe St\u00e4rke von Bibliotheken ist die Vernetzung und die Weitergabe von Praxiswissen. Die Universit\u00e4tsbibliothek der Freien Universit\u00e4t bietet in der dualen FaMI-Ausbildung (Fachangestellte f\u00fcr Medien- und Informationsdienste) Ideenumsetzungen zum Thema Nachhaltigkeit und &#8222;<a href=\"https:\/\/netzwerk-gruene-bibliothek.de\/was-ist-eine-gruene-bibliothek\/\" data-type=\"link\" data-id=\"https:\/\/netzwerk-gruene-bibliothek.de\/was-ist-eine-gruene-bibliothek\/\">gr\u00fcne Bibliothek<\/a>&#8220; in Projekttagen an. Die <a href=\"https:\/\/www.slub-dresden.de\/ueber-uns\/saechsische-landesfachstelle-fuer-bibliotheken\" data-type=\"link\" data-id=\"https:\/\/www.slub-dresden.de\/ueber-uns\/saechsische-landesfachstelle-fuer-bibliotheken\">S\u00e4chsische Landesfachstelle f\u00fcr Bibliotheken<\/a> lud nun Ausbilderin Janet Wagner in die Berufsschule in Leipzig ein. Ein Bericht.<\/p>\n\n\n\n<figure class=\"wp-block-image size-full\"><img loading=\"lazy\" decoding=\"async\" width=\"2560\" height=\"1439\" src=\"https:\/\/blogs.fu-berlin.de\/bibliotheken\/files\/2025\/11\/P1020274-scaled.jpg\" alt=\"\" class=\"wp-image-34438\" srcset=\"https:\/\/blogs.fu-berlin.de\/bibliotheken\/files\/2025\/11\/P1020274-scaled.jpg 2560w, https:\/\/blogs.fu-berlin.de\/bibliotheken\/files\/2025\/11\/P1020274-300x169.jpg 300w, https:\/\/blogs.fu-berlin.de\/bibliotheken\/files\/2025\/11\/P1020274-1536x863.jpg 1536w, https:\/\/blogs.fu-berlin.de\/bibliotheken\/files\/2025\/11\/P1020274-2048x1151.jpg 2048w, https:\/\/blogs.fu-berlin.de\/bibliotheken\/files\/2025\/11\/P1020274-1200x674.jpg 1200w\" sizes=\"auto, (max-width: 709px) 85vw, (max-width: 909px) 67vw, (max-width: 1362px) 62vw, 840px\" \/><\/figure>\n\n\n\n<p><strong>Machen! Wollen! Wirken!<\/strong><\/p>\n\n\n\n<p>Eine gelungene Ausbildung h\u00e4ngt stark davon ab, wie Theorie und Praxis ineinandergreifen. Was in der Berufsschule f\u00fcr den Job in der Bibliothek vermittelt wird, soll im besten Fall praktisch im Bibliotheksalltag angewandt und vertieft werden. <a href=\"https:\/\/www.bibb.de\/de\/139364.php\" data-type=\"link\" data-id=\"https:\/\/www.bibb.de\/de\/139364.php\">&#8222;Umweltschutz &amp; Nachhaltigkeit&#8220;<\/a> sind als verbindliche Inhalte seit 2021 in der Standardberufsbildposition verankert. Doch auch im Jahr 2025 fehlt Lehrkr\u00e4ften, Ausbilder*innen und Bibliotheken meist die genaue Vorstellung davon, wie nachhaltige Entwicklung und die Merkmale einer <em>gr\u00fcnen Bibliothek<\/em> gut vermittelt werden k\u00f6nnen.<\/p>\n\n\n\n<p>Auszubildende und Ausbilder*innen einiger s\u00e4chsischen Bibliotheken folgten der Einladung der Landesfachstelle, sich an der Gutenbergschule in Leipzig einem Tag lang dem Thema &#8222;Bildung f\u00fcr nachhaltige Entwicklung&#8220;\/&#8220;Gr\u00fcne Bibliothek&#8220; zu widmen. Inputvortrag, Graffiti-Methode, Gallery-Walk und intensive Ideenfindung in Gruppen machten den Tag abwechslungsreich und sicherten viel Gelegenheit zur Inspiration.<\/p>\n\n\n\n<p><strong>17 Ziele im Kontext von Bibliotheken<\/strong><\/p>\n\n\n\n<figure class=\"wp-block-image size-full\"><img loading=\"lazy\" decoding=\"async\" width=\"2560\" height=\"1439\" src=\"https:\/\/blogs.fu-berlin.de\/bibliotheken\/files\/2025\/11\/P1020260-scaled.jpg\" alt=\"\" class=\"wp-image-34437\" srcset=\"https:\/\/blogs.fu-berlin.de\/bibliotheken\/files\/2025\/11\/P1020260-scaled.jpg 2560w, https:\/\/blogs.fu-berlin.de\/bibliotheken\/files\/2025\/11\/P1020260-300x169.jpg 300w, https:\/\/blogs.fu-berlin.de\/bibliotheken\/files\/2025\/11\/P1020260-1536x863.jpg 1536w, https:\/\/blogs.fu-berlin.de\/bibliotheken\/files\/2025\/11\/P1020260-2048x1151.jpg 2048w, https:\/\/blogs.fu-berlin.de\/bibliotheken\/files\/2025\/11\/P1020260-1200x674.jpg 1200w\" sizes=\"auto, (max-width: 709px) 85vw, (max-width: 909px) 67vw, (max-width: 1362px) 62vw, 840px\" \/><\/figure>\n\n\n\n<p>Janet Wagner stellte die 17 Ziele f\u00fcr nachhaltige Entwicklung als &#8222;Weltvertrag der Welt f\u00fcr ein gutes Leben f\u00fcr alle&#8220; vor. Einige H\u00e4nde gingen hoch, bei der Frage, wer die 17 Ziele kennt. Doch welchen Beitrag Bibliotheken zur deren Umsetzung leisten k\u00f6nnen, zeigte sich auf den erarbeiteten Plakaten. In der Graffiti-Methode entstanden vielz\u00e4hlige Antworten der Auszubildenden.<\/p>\n\n\n\n<p>Das Denken in die Zukunft, die eigene Selbstwirksamkeit entdecken und das Verstehen von Diskursen: &#8222;Was ist denn eigentlich nachhaltig in meiner Bibliothek?&#8220; geh\u00f6rt dazu, wenn es um das Konzept der Bildung f\u00fcr nachhaltige Entwicklung geht. Aha-Momente (&#8222;Das kenne ich, das machen wir schon!&#8220;) oder auch die Erkenntnis: &#8222;Auch das geh\u00f6rt zu Nachhaltigkeit?!&#8220; bef\u00f6rdern Auszubildende Ausbilder*innen gleicherma\u00dfen in der Ausbildungszeit dem Thema mehr Raum und Ressourcen zu geben.<\/p>\n\n\n\n<p>Im Aula-Raum der Schule lagen \u00fcber 40 verschiedene Thementafeln, wurde ein langer Ideen-Tisch mit Literatur und Begleitmaterialien angeboten. Die sehr praxisnahe Info-Brosch\u00fcre der Landesfachstelle &#8222;<a href=\"https:\/\/www.slub-dresden.de\/fileadmin\/groups\/slubsite\/Ueber_uns\/LFS\/Brosch%C3%BCre_Einf%C3%BChrung_BNE_%C3%96B_Sachsen_Zweite_Auflage.pdf\" data-type=\"link\" data-id=\"https:\/\/www.slub-dresden.de\/fileadmin\/groups\/slubsite\/Ueber_uns\/LFS\/Brosch%C3%BCre_Einf%C3%BChrung_BNE_%C3%96B_Sachsen_Zweite_Auflage.pdf\">Einf\u00fchrung von Bildung f\u00fcr nachhaltige Entwicklung im \u00f6ffentlichen Bibliothekswesen in Sachsen<\/a>&#8220; zeigt unz\u00e4hlige Beispiele, was alles m\u00f6glich ist.<\/p>\n\n\n\n<p><strong>Projektideen und Ausblick<\/strong><\/p>\n\n\n\n<p>Ein Tag reicht nicht, um ein konkretes Projekt zu formulieren. Dennoch brachte die Gruppenarbeit viel Output: &#8222;Therapiri &#8211; gesundes und soziales Miteinander im Bibliotheksteam&#8220;, die &#8222;Radelberger &#8211; Lastenfahrrad f\u00fcr die Bibliothek auf R\u00e4dern&#8220; und weitere Ideen wurden im Gallery-Walk bewertet. Die Landesfachfachstelle bietet zusammen mit dem <a href=\"https:\/\/netzwerk-gruene-bibliothek.de\/\" data-type=\"link\" data-id=\"https:\/\/netzwerk-gruene-bibliothek.de\/\">Netzwerk Gr\u00fcne Bibliothek<\/a> nun eine Pr\u00e4mierung der Projekte, die bis Ende M\u00e4rz 2026 auch erste Umsetzungen zeigen. <\/p>\n\n\n\n<figure class=\"wp-block-image size-full\"><img loading=\"lazy\" decoding=\"async\" width=\"2560\" height=\"1439\" src=\"https:\/\/blogs.fu-berlin.de\/bibliotheken\/files\/2025\/12\/P1020263-scaled.jpg\" alt=\"\" class=\"wp-image-34440\" srcset=\"https:\/\/blogs.fu-berlin.de\/bibliotheken\/files\/2025\/12\/P1020263-scaled.jpg 2560w, https:\/\/blogs.fu-berlin.de\/bibliotheken\/files\/2025\/12\/P1020263-300x169.jpg 300w, https:\/\/blogs.fu-berlin.de\/bibliotheken\/files\/2025\/12\/P1020263-1536x863.jpg 1536w, https:\/\/blogs.fu-berlin.de\/bibliotheken\/files\/2025\/12\/P1020263-2048x1151.jpg 2048w, https:\/\/blogs.fu-berlin.de\/bibliotheken\/files\/2025\/12\/P1020263-1200x674.jpg 1200w\" sizes=\"auto, (max-width: 709px) 85vw, (max-width: 909px) 67vw, (max-width: 1362px) 62vw, 840px\" \/><\/figure>\n\n\n\n<p><\/p>\n\n\n\n<p>Der Tag endete mit unterschiedlichen Eindr\u00fccken und R\u00fcckmeldungen: Viele der Auszubildenden waren inspiriert und konnten die 17 Ziele gut mit den Aufgaben Ihrer Bibliothek verbinden. Mehr Vorbereitung auf das Thema an sich w\u00fcnschten sich zudem die Teilnehmenden. Es war dennoch ein gelungener Tag und 2026 wird es spannend, welche Projekte in die konkrete Umsetzung kommen.<\/p>\n","protected":false},"excerpt":{"rendered":"<p>Eine gro\u00dfe St\u00e4rke von Bibliotheken ist die Vernetzung und die Weitergabe von Praxiswissen. Die Universit\u00e4tsbibliothek der Freien Universit\u00e4t bietet in der dualen FaMI-Ausbildung (Fachangestellte f\u00fcr Medien- und Informationsdienste) Ideenumsetzungen zum Thema Nachhaltigkeit und &#8222;gr\u00fcne Bibliothek&#8220; in Projekttagen an. Die S\u00e4chsische Landesfachstelle f\u00fcr Bibliotheken lud nun Ausbilderin Janet Wagner in die Berufsschule in Leipzig ein. Ein &hellip; <a href=\"https:\/\/blogs.fu-berlin.de\/bibliotheken\/2025\/12\/01\/nachhaltigkeit-in-der-fami-ausbildung-workshoptag-an-der-berufsschule-in-leipzig\/\" class=\"more-link\"><span class=\"screen-reader-text\">\u201eNachhaltigkeit in der FaMI-Ausbildung &#8211; Workshoptag an der Berufsschule in Leipzig\u201c<\/span> weiterlesen<\/a><\/p>\n","protected":false},"author":5902,"featured_media":0,"comment_status":"open","ping_status":"open","sticky":false,"template":"","format":"standard","meta":{"footnotes":""},"categories":[9],"tags":[196703,368757,457935,471599,471616,471601,989,584917,368602,368750,368753,368524,2678],"class_list":["post-34435","post","type-post","status-publish","format-standard","hentry","category-allgemein","tag-17-ziele-fuer-nachhaltige-entwicklung","tag-agenda2030","tag-bildung-fuer-nachhaltige-entwicklung","tag-bne","tag-duale-ausbildung","tag-education-for-sustainable-development-esd","tag-fami-ausbildung","tag-famisforfuture","tag-green-library","tag-greenfubib","tag-gruene-bibliothek","tag-libraries4future","tag-nachhaltigkeit"],"_links":{"self":[{"href":"https:\/\/blogs.fu-berlin.de\/bibliotheken\/wp-json\/wp\/v2\/posts\/34435","targetHints":{"allow":["GET"]}}],"collection":[{"href":"https:\/\/blogs.fu-berlin.de\/bibliotheken\/wp-json\/wp\/v2\/posts"}],"about":[{"href":"https:\/\/blogs.fu-berlin.de\/bibliotheken\/wp-json\/wp\/v2\/types\/post"}],"author":[{"embeddable":true,"href":"https:\/\/blogs.fu-berlin.de\/bibliotheken\/wp-json\/wp\/v2\/users\/5902"}],"replies":[{"embeddable":true,"href":"https:\/\/blogs.fu-berlin.de\/bibliotheken\/wp-json\/wp\/v2\/comments?post=34435"}],"version-history":[{"count":6,"href":"https:\/\/blogs.fu-berlin.de\/bibliotheken\/wp-json\/wp\/v2\/posts\/34435\/revisions"}],"predecessor-version":[{"id":34445,"href":"https:\/\/blogs.fu-berlin.de\/bibliotheken\/wp-json\/wp\/v2\/posts\/34435\/revisions\/34445"}],"wp:attachment":[{"href":"https:\/\/blogs.fu-berlin.de\/bibliotheken\/wp-json\/wp\/v2\/media?parent=34435"}],"wp:term":[{"taxonomy":"category","embeddable":true,"href":"https:\/\/blogs.fu-berlin.de\/bibliotheken\/wp-json\/wp\/v2\/categories?post=34435"},{"taxonomy":"post_tag","embeddable":true,"href":"https:\/\/blogs.fu-berlin.de\/bibliotheken\/wp-json\/wp\/v2\/tags?post=34435"}],"curies":[{"name":"wp","href":"https:\/\/api.w.org\/{rel}","templated":true}]}}