{"id":34479,"date":"2025-12-11T10:10:42","date_gmt":"2025-12-11T09:10:42","guid":{"rendered":"https:\/\/blogs.fu-berlin.de\/bibliotheken\/?p=34479"},"modified":"2025-12-10T10:28:18","modified_gmt":"2025-12-10T09:28:18","slug":"open-access-transformation-dritte-forderphase","status":"publish","type":"post","link":"https:\/\/blogs.fu-berlin.de\/bibliotheken\/2025\/12\/11\/open-access-transformation-dritte-forderphase\/","title":{"rendered":"Drei weitere Jahre f\u00fcr die Open-Access-Transformation: open-access.network startet dritte F\u00f6rderphase"},"content":{"rendered":"\n<p>open-access.network wird bis 2028 verl\u00e4ngert \u2013 mit Ausbau von Services, Community-Netzwerk und Werkzeugen zur nachhaltigen Verankerung von Open Access in Deutschland. Die Projektleitung liegt beim <a href=\"https:\/\/www.kim.uni-konstanz.de\/\" target=\"_blank\" rel=\"noreferrer noopener\">Kommunikations-, Informations-, Medienzentrum (KIM)<\/a> der Universit\u00e4t Konstanz. Die weiteren Projektpartner sind:<\/p>\n\n\n\n<ul class=\"wp-block-list\">\n<li>Universit\u00e4tsbibliothek der Freien Universit\u00e4t Berlin mit dem Open Research Office <\/li>\n\n\n\n<li><a href=\"https:\/\/www.tib.eu\/de\/\" target=\"_blank\" rel=\"noreferrer noopener\">Technische Informationsbibliothek (TIB)<\/a>, Hannover<\/li>\n\n\n\n<li><a href=\"https:\/\/www.sub.uni-goettingen.de\/sub-aktuell\/\" target=\"_blank\" rel=\"noreferrer noopener\">Nieders\u00e4chsische Staats- und Universit\u00e4tsbibliothek G\u00f6ttingen (SUB G\u00f6ttingen)<\/a><\/li>\n\n\n\n<li><a href=\"https:\/\/os.helmholtz.de\/\" target=\"_blank\" rel=\"noreferrer noopener\">Helmholtz Open Science Office<\/a><\/li>\n<\/ul>\n\n\n\n<p class=\"has-medium-font-size\"><strong>Warum die Verl\u00e4ngerung z\u00e4hlt<\/strong><\/p>\n\n\n\n<p>Am 3. Dezember 2025 gab open-access.network bekannt, dass das Projekt vom <a href=\"https:\/\/www.bmftr.bund.de\/DE\/Home\/home_node.html\">Bundesministerium f\u00fcr Forschung, Technologie und Raumfahrt<\/a> (BMFTR) weitere drei Jahre gef\u00f6rdert wird \u2013 bis 2028. Damit wird die bereits aufgebaute Infrastruktur rund um Open Access, Vernetzung und Qualifizierung langfristig gesichert und ausgebaut.<\/p>\n\n\n\n<p class=\"has-medium-font-size\"><strong>Was bisher erreicht wurde<\/strong><\/p>\n\n\n\n<p>In den ersten beiden F\u00f6rderphasen hat open-access.network eine zentrale Rolle f\u00fcr die Open-Access-Community eingenommen:<\/p>\n\n\n\n<ul class=\"wp-block-list\">\n<li>Das Portal z\u00e4hlt t\u00e4glich im Schnitt rund 500 Besuchende und gilt als wichtige Informations- und Austauschplattform.<\/li>\n\n\n\n<li>Mit Formaten wie Online-Fortbildungen, Workshops und Netzwerkangeboten haben Wissenschaftler*innen, Bibliotheken und Hochschulen konkrete Unterst\u00fctzungsangebote rund um Open Access gefunden.<\/li>\n\n\n\n<li>Mit Services wie dem oa.atlas und dem oa.finder sowie dem gemeinschaftlich getragenen oa.hub wurde durch Werkzeuge eine Infrastruktur geschaffen, die offen zug\u00e4ngliche wissenschaftliche Inhalte und Informationen systematisch erfasst und verf\u00fcgbar macht.<\/li>\n\n\n\n<li>Die Bildung einer Community-basierten Beratungsstruktur \u00fcber den oa.helpdesk gibt Nutzenden Praxis-Support bei offenen Lizenzmodellen, Finanzierung und Umsetzung von OA-Initiativen.<\/li>\n<\/ul>\n\n\n\n<p class=\"has-medium-font-size\"><strong>Fokus der kommenden Jahre: Konsolidierung, Ausbau und Nachhaltigkeit<\/strong><\/p>\n\n\n\n<p>In der dritten Projektphase liegt der Schwerpunkt auf:<\/p>\n\n\n\n<ul class=\"wp-block-list\">\n<li>der Vertiefung der Community-Arbeit und des Wissensaustauschs innerhalb der Open-Access-Landschaft,<\/li>\n\n\n\n<li>der Weiterentwicklung bestehender Tools, Informationsangebote und Fortbildungsformate,<\/li>\n\n\n\n<li>der strategischen Begleitung aktueller Herausforderungen der Open-Access-Transformation und<\/li>\n\n\n\n<li>der nachhaltigen Integration der Angebote in bestehende Strukturen der Wissenschaftslandschaft.<\/li>\n<\/ul>\n\n\n\n<p>Ziel ist es, die Transformation des Publikationswesens langfristig und stabil zu verankern \u2013 jenseits tempor\u00e4rer Projektphasen.<\/p>\n\n\n\n<p class=\"has-medium-font-size\"><strong>Bedeutung f\u00fcr Hochschulen, Bibliotheken und Forschende<\/strong><\/p>\n\n\n\n<p>F\u00fcr alle Akteur*innen in Wissenschaft und Wissenschaftskommunikation bietet open-access.network eine langfristig gesicherte Plattform:<\/p>\n\n\n\n<ul class=\"wp-block-list\">\n<li>Lehrende und Forschende finden weiterhin qualifizierte Fortbildungsm\u00f6glichkeiten, wenn es um Open Access, FAIR Prinzipien oder neue Publikationsformen geht.<\/li>\n\n\n\n<li>Bibliotheken und Institutionen erhalten Werkzeuge und Informationen, um Open-Access-Strategien zu entwickeln und umzusetzen \u2013 von Beratung \u00fcber Infrastruktur bis zur Vernetzung mit anderen Einrichtungen.<\/li>\n\n\n\n<li>Die wissenschaftliche Community insgesamt profitiert von einem stabilen, bundesweit vernetzten \u00d6kosystem f\u00fcr offene Wissenschaft \u2013 mit Services, Standards und Austauschformaten.<\/li>\n<\/ul>\n\n\n\n<p>Die Verl\u00e4ngerung erfolgt zu einem Zeitpunkt, an dem die Open-Access-Transformation nicht mehr als optionales Projekt wirkt, sondern als struktureller Bestandteil wissenschaftlicher Infrastruktur verstanden werden muss. Angesichts wachsender Anforderungen an Transparenz, Nachnutzung und FAIR-Datenmanagement gewinnt ein verl\u00e4ssliches, gut vernetztes Open-Access-\u00d6kosystem zunehmend an Bedeutung \u2013 national wie international.<\/p>\n\n\n\n<p>open-access.network leistet daf\u00fcr mit seiner dritten F\u00f6rderphase einen wichtigen Beitrag: Es legt das Fundament f\u00fcr eine nachhaltige, institutionell verankerte Open-Access-Kultur, die Wissenschaft und Gesellschaft gleichzeitig zug\u00e4nglich, transparent und kooperativ macht.<\/p>\n\n\n\n<p><\/p>\n","protected":false},"excerpt":{"rendered":"<p>open-access.network wird bis 2028 verl\u00e4ngert \u2013 mit Ausbau von Services, Community-Netzwerk und Werkzeugen zur nachhaltigen Verankerung von Open Access in Deutschland. Die Projektleitung liegt beim Kommunikations-, Informations-, Medienzentrum (KIM) der Universit\u00e4t Konstanz. Die weiteren Projektpartner sind: Warum die Verl\u00e4ngerung z\u00e4hlt Am 3. Dezember 2025 gab open-access.network bekannt, dass das Projekt vom Bundesministerium f\u00fcr Forschung, Technologie &hellip; <a href=\"https:\/\/blogs.fu-berlin.de\/bibliotheken\/2025\/12\/11\/open-access-transformation-dritte-forderphase\/\" class=\"more-link\"><span class=\"screen-reader-text\">\u201eDrei weitere Jahre f\u00fcr die Open-Access-Transformation: open-access.network startet dritte F\u00f6rderphase\u201c<\/span> weiterlesen<\/a><\/p>\n","protected":false},"author":3230,"featured_media":0,"comment_status":"open","ping_status":"open","sticky":false,"template":"","format":"standard","meta":{"footnotes":""},"categories":[9],"tags":[],"class_list":["post-34479","post","type-post","status-publish","format-standard","hentry","category-allgemein"],"_links":{"self":[{"href":"https:\/\/blogs.fu-berlin.de\/bibliotheken\/wp-json\/wp\/v2\/posts\/34479","targetHints":{"allow":["GET"]}}],"collection":[{"href":"https:\/\/blogs.fu-berlin.de\/bibliotheken\/wp-json\/wp\/v2\/posts"}],"about":[{"href":"https:\/\/blogs.fu-berlin.de\/bibliotheken\/wp-json\/wp\/v2\/types\/post"}],"author":[{"embeddable":true,"href":"https:\/\/blogs.fu-berlin.de\/bibliotheken\/wp-json\/wp\/v2\/users\/3230"}],"replies":[{"embeddable":true,"href":"https:\/\/blogs.fu-berlin.de\/bibliotheken\/wp-json\/wp\/v2\/comments?post=34479"}],"version-history":[{"count":1,"href":"https:\/\/blogs.fu-berlin.de\/bibliotheken\/wp-json\/wp\/v2\/posts\/34479\/revisions"}],"predecessor-version":[{"id":34480,"href":"https:\/\/blogs.fu-berlin.de\/bibliotheken\/wp-json\/wp\/v2\/posts\/34479\/revisions\/34480"}],"wp:attachment":[{"href":"https:\/\/blogs.fu-berlin.de\/bibliotheken\/wp-json\/wp\/v2\/media?parent=34479"}],"wp:term":[{"taxonomy":"category","embeddable":true,"href":"https:\/\/blogs.fu-berlin.de\/bibliotheken\/wp-json\/wp\/v2\/categories?post=34479"},{"taxonomy":"post_tag","embeddable":true,"href":"https:\/\/blogs.fu-berlin.de\/bibliotheken\/wp-json\/wp\/v2\/tags?post=34479"}],"curies":[{"name":"wp","href":"https:\/\/api.w.org\/{rel}","templated":true}]}}