{"id":34482,"date":"2025-12-15T13:13:06","date_gmt":"2025-12-15T12:13:06","guid":{"rendered":"https:\/\/blogs.fu-berlin.de\/bibliotheken\/?p=34482"},"modified":"2025-12-15T18:15:54","modified_gmt":"2025-12-15T17:15:54","slug":"wochenvorschau-der-universitaetsbibliothek-51-kw-fuer-alle-die-mehr-wissen-wollen","status":"publish","type":"post","link":"https:\/\/blogs.fu-berlin.de\/bibliotheken\/2025\/12\/15\/wochenvorschau-der-universitaetsbibliothek-51-kw-fuer-alle-die-mehr-wissen-wollen\/","title":{"rendered":"Wochenvorschau der Universit\u00e4tsbibliothek (51. KW) \u2013 f\u00fcr alle, die mehr wissen wollen!"},"content":{"rendered":"\n<p>Die letzte Woche vor den Ferien h\u00e4lt f\u00fcr Euch ein halbes Dutzend Lernangebote auf Deutsch bereit. Von klassischer Literaturrecherche und Datenbankschulungen \u00fcber Publikationsstrategien f\u00fcr Geisteswissenschaftler*innen, XML und KI bis hin zur vorweihnachtlichen Coffee Lecture mit Geschenken und Pl\u00e4tzchen \u2013 direkt vor Ort, online oder hybrid.<\/p>\n\n\n\n<p>Dar\u00fcber hinaus k\u00f6nnen Dozent*innen der Freien Universit\u00e4t Sondertermine und Inhalte individuell <a href=\"https:\/\/www.fu-berlin.de\/sites\/ub\/lernangebote\/index.html\" target=\"_blank\" rel=\"noreferrer noopener\">mit uns vereinbaren<\/a>!<\/p>\n\n\n\n<figure class=\"wp-block-image size-full\"><img loading=\"lazy\" decoding=\"async\" width=\"2560\" height=\"1703\" src=\"https:\/\/blogs.fu-berlin.de\/bibliotheken\/files\/2025\/06\/2025-01-14-Campusbibliothek-3243_2-scaled.jpg\" alt=\"\" class=\"wp-image-33997\" srcset=\"https:\/\/blogs.fu-berlin.de\/bibliotheken\/files\/2025\/06\/2025-01-14-Campusbibliothek-3243_2-scaled.jpg 2560w, https:\/\/blogs.fu-berlin.de\/bibliotheken\/files\/2025\/06\/2025-01-14-Campusbibliothek-3243_2-300x200.jpg 300w, https:\/\/blogs.fu-berlin.de\/bibliotheken\/files\/2025\/06\/2025-01-14-Campusbibliothek-3243_2-1536x1022.jpg 1536w, https:\/\/blogs.fu-berlin.de\/bibliotheken\/files\/2025\/06\/2025-01-14-Campusbibliothek-3243_2-2048x1363.jpg 2048w, https:\/\/blogs.fu-berlin.de\/bibliotheken\/files\/2025\/06\/2025-01-14-Campusbibliothek-3243_2-1200x798.jpg 1200w\" sizes=\"auto, (max-width: 709px) 85vw, (max-width: 909px) 67vw, (max-width: 1362px) 62vw, 840px\" \/><\/figure>\n\n\n\n<p>Das Angebot der 51. Kalenderwoche im \u00dcberblick:<\/p>\n\n\n\n<p><strong>Montag, 15.12.2025 | 14:15\u201315:45<\/strong><br><strong>\ud83d\udcdd<\/strong> <a href=\"https:\/\/www.fu-berlin.de\/sites\/ub\/ueber-uns\/termine\/2025-12-15-zitate-text-quellen.html\" target=\"_blank\" rel=\"noreferrer noopener\">Wie integriere ich Zitate in meinen Text? Umgang mit Quellen<\/a><br>(hybrid \u2013 Anmeldung erforderlich)<br>Veranstalterin: Zentralbibliothek<\/p>\n\n\n\n<p><strong>Dienstag, 16.12.2025 | 10:00\u201314:00<\/strong><br>\ud83e\udde0 <a href=\"https:\/\/www.it.fu-berlin.de\/unsere-services\/kompetenzentwicklung\/fortbildungen\/termine\/E-Research\/2025-12-16-Textdaten-WS2.html\" target=\"_blank\" rel=\"noreferrer noopener\">Textdaten modellieren und kodieren \u2013 Einf\u00fchrung in XML und die Arbeit mit dem Oxygen XML Editor<\/a><br>(Vor-Ort-Termin \u2013 Anmeldung erforderlich)<br>Veranstalterin: FUB-IT<\/p>\n\n\n\n<p><strong>Mittwoch, 17.12.2025 | 09:30\u201311:00<\/strong><br><strong>\ud83d\udd0d<\/strong> <a href=\"https:\/\/www.fu-berlin.de\/sites\/philbib\/03chulungen-Veranstaltungsbeschreibungen\/Literaturrecherche-Grundschulung.html\" target=\"_blank\" rel=\"noreferrer noopener\">Literaturrecherche Grundschulung<\/a><br>(Vor-Ort-Termin \u2013 Anmeldung erforderlich)<br>Veranstalterin: Philologische Bibliothek<\/p>\n\n\n\n<p><strong>Mittwoch, 17.12.2025 | 12:00\u201313:30<\/strong><br>\ud83c\udf10 <a href=\"https:\/\/www.fu-berlin.de\/sites\/philbib\/03chulungen-Veranstaltungsbeschreibungen\/Datenbankschulung-MLA-und-BDSL.html\" target=\"_blank\" rel=\"noreferrer noopener\">Datenbankschulung: Bibliographie der deutschen Sprach- und Literaturwissenschaft Online (BDSL Online) und MLA International Bibliography<\/a><br>(Vor-Ort-Termin \u2013 Anmeldung erforderlich)<br>Veranstalterin: Philologische Bibliothek<br><br><strong>Mittwoch, 17.12.2025 | 14:00\u201314:30<\/strong><br><strong>\u2615\ufe0f<\/strong> <a href=\"https:\/\/www.fu-berlin.de\/sites\/ub\/ueber-uns\/termine\/2025-12-17_coffee_lecture.html\" target=\"_blank\" rel=\"noreferrer noopener\">Coffee Lecture? Christmas Break! G\u00f6nnt Euch eine kleine Auszeit mit Kaffee, Pl\u00e4tzchen und Geschenken!<\/a><br>(Vor-Ort-Termin \u2013 Anmeldung erforderlich)<br>Veranstalterin: Campusbibliothek<\/p>\n\n\n\n<p><strong>Donnerstag, 18.12.2025 | 10:00\u201312:00<\/strong><br>\ud83c\udf93 <a href=\"https:\/\/www.fu-berlin.de\/sites\/philbib\/03chulungen-Veranstaltungsbeschreibungen\/Publikationsstrategien-fuer-Geisteswissenschaftler_innen.html\" target=\"_blank\" rel=\"noreferrer noopener\">Publikationsstrategien f\u00fcr Geisteswissenschaftler*innen<\/a><br>(Vor-Ort-Workshop \u2013 Anmeldung erforderlich)<br>Veranstalterin: Philologische Bibliothek<\/p>\n\n\n\n<p><strong>Donnerstag, 18.12.2025 | 15:15\u201315:45<\/strong><br>\ud83e\udd16 <a href=\"https:\/\/www.geo.fu-berlin.de\/bibliotheken\/Termine\/CL25-26_KI_-Was-kann-der-neue-Primo-Research-Assistant-_und-was-nicht_.html\" target=\"_blank\" rel=\"noreferrer noopener\">KI: Was kann der neue Primo Research Assistant (und was nicht)<\/a><br>(hybrid \u2013 Anmeldung nicht erforderlich)<br>Veranstalterin: Fachbibliothek Geowissenschaften<\/p>\n\n\n\n<p class=\"has-small-font-size\"><br><em>Vielen Dank an Beyza Zeren Araz, angehende <a href=\"https:\/\/www.fu-berlin.de\/sites\/ub\/ueber-uns\/ausbildung\/fami\/index.html\" target=\"_blank\" rel=\"noreferrer noopener\">Fachangestellte f\u00fcr Medien und Informationsdienste<\/a>, f\u00fcr die Mithilfe an diesem Beitrag.<\/em><\/p>\n\n\n\n<p class=\"has-small-font-size\">(Bildquelle: Bernd Wannenmacher)<\/p>\n\n\n\n<p><\/p>\n","protected":false},"excerpt":{"rendered":"<p>Die letzte Woche vor den Ferien h\u00e4lt f\u00fcr Euch ein halbes Dutzend Lernangebote auf Deutsch bereit. Von klassischer Literaturrecherche und Datenbankschulungen \u00fcber Publikationsstrategien f\u00fcr Geisteswissenschaftler*innen, XML und KI bis hin zur vorweihnachtlichen Coffee Lecture mit Geschenken und Pl\u00e4tzchen \u2013 direkt vor Ort, online oder hybrid. Dar\u00fcber hinaus k\u00f6nnen Dozent*innen der Freien Universit\u00e4t Sondertermine und Inhalte &hellip; <a href=\"https:\/\/blogs.fu-berlin.de\/bibliotheken\/2025\/12\/15\/wochenvorschau-der-universitaetsbibliothek-51-kw-fuer-alle-die-mehr-wissen-wollen\/\" class=\"more-link\"><span class=\"screen-reader-text\">\u201eWochenvorschau der Universit\u00e4tsbibliothek (51. KW) \u2013 f\u00fcr alle, die mehr wissen wollen!\u201c<\/span> weiterlesen<\/a><\/p>\n","protected":false},"author":293,"featured_media":0,"comment_status":"open","ping_status":"open","sticky":false,"template":"","format":"standard","meta":{"footnotes":""},"categories":[9,457,600,457816,491,518,493,601,70],"tags":[],"class_list":["post-34482","post","type-post","status-publish","format-standard","hentry","category-allgemein","category-digitale-bibliothek","category-fachbibliotheken","category-lehr-lernservices","category-lernangebote-kurse","category-fu-kataloge","category-recherchetipps","category-universitatsbibliothek","category-veranstaltungen"],"_links":{"self":[{"href":"https:\/\/blogs.fu-berlin.de\/bibliotheken\/wp-json\/wp\/v2\/posts\/34482","targetHints":{"allow":["GET"]}}],"collection":[{"href":"https:\/\/blogs.fu-berlin.de\/bibliotheken\/wp-json\/wp\/v2\/posts"}],"about":[{"href":"https:\/\/blogs.fu-berlin.de\/bibliotheken\/wp-json\/wp\/v2\/types\/post"}],"author":[{"embeddable":true,"href":"https:\/\/blogs.fu-berlin.de\/bibliotheken\/wp-json\/wp\/v2\/users\/293"}],"replies":[{"embeddable":true,"href":"https:\/\/blogs.fu-berlin.de\/bibliotheken\/wp-json\/wp\/v2\/comments?post=34482"}],"version-history":[{"count":7,"href":"https:\/\/blogs.fu-berlin.de\/bibliotheken\/wp-json\/wp\/v2\/posts\/34482\/revisions"}],"predecessor-version":[{"id":34490,"href":"https:\/\/blogs.fu-berlin.de\/bibliotheken\/wp-json\/wp\/v2\/posts\/34482\/revisions\/34490"}],"wp:attachment":[{"href":"https:\/\/blogs.fu-berlin.de\/bibliotheken\/wp-json\/wp\/v2\/media?parent=34482"}],"wp:term":[{"taxonomy":"category","embeddable":true,"href":"https:\/\/blogs.fu-berlin.de\/bibliotheken\/wp-json\/wp\/v2\/categories?post=34482"},{"taxonomy":"post_tag","embeddable":true,"href":"https:\/\/blogs.fu-berlin.de\/bibliotheken\/wp-json\/wp\/v2\/tags?post=34482"}],"curies":[{"name":"wp","href":"https:\/\/api.w.org\/{rel}","templated":true}]}}