{"id":34504,"date":"2026-01-06T09:42:59","date_gmt":"2026-01-06T08:42:59","guid":{"rendered":"https:\/\/blogs.fu-berlin.de\/bibliotheken\/?p=34504"},"modified":"2026-01-12T11:09:45","modified_gmt":"2026-01-12T10:09:45","slug":"wochenvorschau-der-universitaetsbibliothek-1-kw-fuer-alle-die-mehr-wissen-wollen","status":"publish","type":"post","link":"https:\/\/blogs.fu-berlin.de\/bibliotheken\/2026\/01\/06\/wochenvorschau-der-universitaetsbibliothek-1-kw-fuer-alle-die-mehr-wissen-wollen\/","title":{"rendered":"Wochenvorschau der Universit\u00e4tsbibliothek (2. KW) \u2013 f\u00fcr alle, die mehr wissen wollen!"},"content":{"rendered":"\n<p>Die erste Woche des neuen Jahres h\u00e4lt f\u00fcr Euch ein halbes Dutzend kostenfreier Lernangebote auf Deutsch und Englisch bereit. Von klassischer Literaturrecherche und Tricks bei deren Auswahl \u00fcber das Dissertationsexpos\u00e9 f\u00fcr Geisteswissenschaftler*innen bis hin zu Tipps bei der Verwendung von Creative-Commons-Lizenzen \u2013 direkt vor Ort, online oder hybrid.<\/p>\n\n\n\n<p>Dar\u00fcber hinaus k\u00f6nnen Dozent*innen der Freien Universit\u00e4t Sondertermine und Inhalte individuell&nbsp;<a href=\"https:\/\/www.fu-berlin.de\/sites\/ub\/lernangebote\/index.html\" target=\"_blank\" rel=\"noreferrer noopener\">mit uns vereinbaren<\/a>!<\/p>\n\n\n\n<figure class=\"wp-block-image size-full\"><img loading=\"lazy\" decoding=\"async\" width=\"1000\" height=\"753\" src=\"https:\/\/blogs.fu-berlin.de\/bibliotheken\/files\/2025\/10\/PXL_20250404_082306331-preview.jpg\" alt=\"\" class=\"wp-image-34329\" srcset=\"https:\/\/blogs.fu-berlin.de\/bibliotheken\/files\/2025\/10\/PXL_20250404_082306331-preview.jpg 1000w, https:\/\/blogs.fu-berlin.de\/bibliotheken\/files\/2025\/10\/PXL_20250404_082306331-preview-300x226.jpg 300w\" sizes=\"auto, (max-width: 709px) 85vw, (max-width: 909px) 67vw, (max-width: 1362px) 62vw, 840px\" \/><\/figure>\n\n\n\n<p>Das Angebot der 2. Kalenderwoche im \u00dcberblick:<\/p>\n\n\n\n<p><strong>Mittwoch, 07.01.2026 | 9:30\u201311:00<\/strong><br><strong>\ud83d\udd0d&nbsp;<\/strong><a href=\"https:\/\/www.fu-berlin.de\/sites\/philbib\/03chulungen-Veranstaltungsbeschreibungen\/Literaturrecherche-Grundschulung.html\">Literaturrecherche Grundschulung<\/a><br>(Vor-Ort-Termin\u2013 Anmeldung erforderlich)<br>Veranstalterin: Philologische Bibliothek<\/p>\n\n\n\n<p><strong>Mittwoch, 07.01.2026 | 14:00\u201315:00<\/strong><br><strong>\ud83d\udd0d&nbsp;<\/strong><a href=\"https:\/\/www.fu-berlin.de\/sites\/campusbib\/Lernangebote\/Lernangebot-des-Monats\/Einfuehrung-in-die-Literaturrecherche-Primo-praesenz.html\" target=\"_blank\" rel=\"noreferrer noopener\">Einf\u00fchrung in die Literaturrecherche Primo<\/a><br>(Vor-Ort-Termin\u2013 Anmeldung erforderlich)<br>Veranstalterin: Campusbibliothek<\/p>\n\n\n\n<p><strong>Donnerstag, 08.01.2026 | 10:00\u201312:00<\/strong><br><strong>\ud83c\udf93&nbsp;<\/strong><a href=\"https:\/\/www.fu-berlin.de\/sites\/philbib\/03chulungen-Veranstaltungsbeschreibungen\/Das-Dissertationsexpose.html\" target=\"_blank\" rel=\"noreferrer noopener\">Das Dissertationsexpos\u00e9 in den Geisteswissenschaften<\/a><br>(Pr\u00e4senz-Workshop \u2013 Anmeldung erforderlich)<br>Veranstalterin: Philologische Bibliothek<\/p>\n\n\n\n<p><strong><strong>Donnerstag<\/strong>, 08.01.2026 | 10:00\u201311:00<\/strong><br><strong>\ud83d\udd0d&nbsp;<\/strong><a href=\"https:\/\/www.fu-berlin.de\/sites\/campusbib\/Lernangebote\/Lernangebot-des-Monats\/Einfuehrung-in-die-Literaturrecherche-Primo-online.html\" target=\"_blank\" rel=\"noreferrer noopener\">Einf\u00fchrung in die Literaturrecherche Primo<\/a><br>(online\u2013 Anmeldung erforderlich)<br>Veranstalterin: Campusbibliothek<\/p>\n\n\n\n<p><strong><strong>Donnerstag<\/strong>, 08.01.2026 | 14:00\u201315:30<\/strong><br><strong>\ud83d\udcda&nbsp;<\/strong><a href=\"https:\/\/www.fu-berlin.de\/sites\/ub\/lernangebote\/literaturrecherche\/literaturauswahl\/index.html\" target=\"_blank\" rel=\"noreferrer noopener\">Tipps und Tricks zur Literaturauswahl<\/a><br>(Online-Workshop \u2013 Anmeldung erforderlich)<br>Veranstalterin: Zentralbibliothek<\/p>\n\n\n\n<p><strong>Freitag, 09.01.2026 | 12:00\u201314:00<\/strong><br>\ud83c\udf10&nbsp;<a href=\"https:\/\/www.jura.fu-berlin.de\/bibliothek\/Veranstaltungen\/Bibliothekstermine\/Termine_Pool-und-DigitaleLehre\/schluesselqualiB01.html\" target=\"_blank\" rel=\"noreferrer noopener\">Lehrveranstaltung Schl\u00fcsselqualifikation Internetrecherche<br><\/a>(Vor-Ort-Schulung \u2013 Anmeldung erforderlich)<br>Veranstalterin: Fachbibliothek Rechtswissenschaft<\/p>\n\n\n\n<p><strong>Freitag, 09.01.2026 | 15:15\u201315:45<\/strong><br><strong>\ud83c\uddec\ud83c\udde7\ud83c\uddfa\ud83c\uddf8<\/strong> <a href=\"https:\/\/www.geo.fu-berlin.de\/bibliotheken\/Termine\/CL25-26_Open-Science_-Creative-Commons-licences-explained.html\" target=\"_blank\" rel=\"noreferrer noopener\">Coffee Lecture <strong>\u2013<\/strong> Open Science: Creative Commons licences explained (in English)<\/a><br>(hybrid \u2013 no registration required)<br>Organizer: Earth Sciences Library<\/p>\n\n\n\n<p>Wir w\u00fcnschen Euch einen guten Start ins neue Jahr!<\/p>\n\n\n\n<p>(Bildquelle: Matheo Mareski-Iffl\u00e4nder)<\/p>\n","protected":false},"excerpt":{"rendered":"<p>Die erste Woche des neuen Jahres h\u00e4lt f\u00fcr Euch ein halbes Dutzend kostenfreier Lernangebote auf Deutsch und Englisch bereit. Von klassischer Literaturrecherche und Tricks bei deren Auswahl \u00fcber das Dissertationsexpos\u00e9 f\u00fcr Geisteswissenschaftler*innen bis hin zu Tipps bei der Verwendung von Creative-Commons-Lizenzen \u2013 direkt vor Ort, online oder hybrid. Dar\u00fcber hinaus k\u00f6nnen Dozent*innen der Freien Universit\u00e4t &hellip; <a href=\"https:\/\/blogs.fu-berlin.de\/bibliotheken\/2026\/01\/06\/wochenvorschau-der-universitaetsbibliothek-1-kw-fuer-alle-die-mehr-wissen-wollen\/\" class=\"more-link\"><span class=\"screen-reader-text\">\u201eWochenvorschau der Universit\u00e4tsbibliothek (2. KW) \u2013 f\u00fcr alle, die mehr wissen wollen!\u201c<\/span> weiterlesen<\/a><\/p>\n","protected":false},"author":293,"featured_media":0,"comment_status":"open","ping_status":"open","sticky":false,"template":"","format":"standard","meta":{"footnotes":""},"categories":[9,600,457816,491,518,493,70],"tags":[368743,584972,584971,196659,584973,2086,1053],"class_list":["post-34504","post","type-post","status-publish","format-standard","hentry","category-allgemein","category-fachbibliotheken","category-lehr-lernservices","category-lernangebote-kurse","category-fu-kataloge","category-recherchetipps","category-veranstaltungen","tag-coffee-lecture","tag-creative-commons","tag-dissertationsexpose","tag-literaturauswahl","tag-lizenzauswahl","tag-primo","tag-recherche"],"_links":{"self":[{"href":"https:\/\/blogs.fu-berlin.de\/bibliotheken\/wp-json\/wp\/v2\/posts\/34504","targetHints":{"allow":["GET"]}}],"collection":[{"href":"https:\/\/blogs.fu-berlin.de\/bibliotheken\/wp-json\/wp\/v2\/posts"}],"about":[{"href":"https:\/\/blogs.fu-berlin.de\/bibliotheken\/wp-json\/wp\/v2\/types\/post"}],"author":[{"embeddable":true,"href":"https:\/\/blogs.fu-berlin.de\/bibliotheken\/wp-json\/wp\/v2\/users\/293"}],"replies":[{"embeddable":true,"href":"https:\/\/blogs.fu-berlin.de\/bibliotheken\/wp-json\/wp\/v2\/comments?post=34504"}],"version-history":[{"count":15,"href":"https:\/\/blogs.fu-berlin.de\/bibliotheken\/wp-json\/wp\/v2\/posts\/34504\/revisions"}],"predecessor-version":[{"id":34533,"href":"https:\/\/blogs.fu-berlin.de\/bibliotheken\/wp-json\/wp\/v2\/posts\/34504\/revisions\/34533"}],"wp:attachment":[{"href":"https:\/\/blogs.fu-berlin.de\/bibliotheken\/wp-json\/wp\/v2\/media?parent=34504"}],"wp:term":[{"taxonomy":"category","embeddable":true,"href":"https:\/\/blogs.fu-berlin.de\/bibliotheken\/wp-json\/wp\/v2\/categories?post=34504"},{"taxonomy":"post_tag","embeddable":true,"href":"https:\/\/blogs.fu-berlin.de\/bibliotheken\/wp-json\/wp\/v2\/tags?post=34504"}],"curies":[{"name":"wp","href":"https:\/\/api.w.org\/{rel}","templated":true}]}}