{"id":34535,"date":"2026-01-21T12:24:56","date_gmt":"2026-01-21T11:24:56","guid":{"rendered":"https:\/\/blogs.fu-berlin.de\/bibliotheken\/?p=34535"},"modified":"2026-01-23T12:20:11","modified_gmt":"2026-01-23T11:20:11","slug":"10-jahre-campusbibliothek","status":"publish","type":"post","link":"https:\/\/blogs.fu-berlin.de\/bibliotheken\/2026\/01\/21\/10-jahre-campusbibliothek\/","title":{"rendered":"10 Jahre Campusbibliothek"},"content":{"rendered":"\n<p><strong>2025 war ein aufregendes Jahr f\u00fcr die Campusbibliothek:<\/strong> Sie feierte ihr 10-j\u00e4hriges Bestehen. Ein ganzes Jahrzehnt voller Ver\u00e4nderungen, Projekte, \u00dcberraschungen und vor allem vieler Menschen, die die Bibliothek zu dem gemacht haben, was sie heute ist. Eine <a href=\"https:\/\/www.fu-berlin.de\/sites\/ub\/medien\/10-Jahre-CB.pdf\" target=\"_blank\" rel=\"noreferrer noopener\">Pr\u00e4sentation im PDF-Format<\/a> vermittelt einen bildlichen Eindruck des Jubil\u00e4umsjahres.<\/p>\n\n\n\n<p>Die Planungen f\u00fcr das Jubil\u00e4umsjahr begannen bereits 2024. In einem kleinen Jubil\u00e4umsteam wurde ein vielf\u00e4ltiges Programm f\u00fcr unterschiedliche Zielgruppen entwickelt. Viele der Ideen stammten urspr\u00fcnglich aus den Vorbereitungen f\u00fcr das 5-j\u00e4hrige Bestehen, das aufgrund der Corona-Pandemie nicht umgesetzt werden konnte.<br>Bevor die Aktionen des Jubil\u00e4umsjahres vorgestellt werden, lohnt sich zun\u00e4chst ein Blick zur\u00fcck auf die Anf\u00e4nge der Campusbibliothek.<\/p>\n\n\n\n<h3 class=\"wp-block-heading\">Der Weg bis zur Er\u00f6ffnung<\/h3>\n\n\n\n<p>In der neuen Campusbibliothek wurden insgesamt 24 Instituts- und Bereichsbibliotheken zusammengef\u00fchrt. Ab 2012 wurde daf\u00fcr die ehemalige Erziehungswissenschaftliche Bibliothek saniert \u2013 der heutige Altbau \u2013 und gleichzeitig der Grundstein f\u00fcr den Neubau gelegt.<\/p>\n\n\n\n<p>Die Erziehungswissenschaftliche Bibliothek im Jahr 2012 (links) und 2014 (rechts):<\/p>\n\n\n\n<figure class=\"wp-block-gallery has-nested-images columns-default is-cropped wp-block-gallery-1 is-layout-flex wp-block-gallery-is-layout-flex\">\n<figure class=\"wp-block-image size-large\"><img loading=\"lazy\" decoding=\"async\" width=\"1829\" height=\"2560\" data-id=\"34537\" src=\"https:\/\/blogs.fu-berlin.de\/bibliotheken\/files\/2026\/01\/ewi-alt-1-scaled.png\" alt=\"\" class=\"wp-image-34537\" srcset=\"https:\/\/blogs.fu-berlin.de\/bibliotheken\/files\/2026\/01\/ewi-alt-1-scaled.png 1829w, https:\/\/blogs.fu-berlin.de\/bibliotheken\/files\/2026\/01\/ewi-alt-1-214x300.png 214w, https:\/\/blogs.fu-berlin.de\/bibliotheken\/files\/2026\/01\/ewi-alt-1-1097x1536.png 1097w, https:\/\/blogs.fu-berlin.de\/bibliotheken\/files\/2026\/01\/ewi-alt-1-1463x2048.png 1463w, https:\/\/blogs.fu-berlin.de\/bibliotheken\/files\/2026\/01\/ewi-alt-1-1200x1680.png 1200w\" sizes=\"auto, (max-width: 709px) 85vw, (max-width: 909px) 67vw, (max-width: 1362px) 62vw, 840px\" \/><\/figure>\n\n\n\n<figure class=\"wp-block-image size-large\"><img loading=\"lazy\" decoding=\"async\" width=\"2560\" height=\"1724\" data-id=\"34538\" src=\"https:\/\/blogs.fu-berlin.de\/bibliotheken\/files\/2026\/01\/ewi-bau-scaled.png\" alt=\"\" class=\"wp-image-34538\" srcset=\"https:\/\/blogs.fu-berlin.de\/bibliotheken\/files\/2026\/01\/ewi-bau-scaled.png 2560w, https:\/\/blogs.fu-berlin.de\/bibliotheken\/files\/2026\/01\/ewi-bau-300x202.png 300w, https:\/\/blogs.fu-berlin.de\/bibliotheken\/files\/2026\/01\/ewi-bau-1536x1034.png 1536w, https:\/\/blogs.fu-berlin.de\/bibliotheken\/files\/2026\/01\/ewi-bau-2048x1379.png 2048w, https:\/\/blogs.fu-berlin.de\/bibliotheken\/files\/2026\/01\/ewi-bau-1200x808.png 1200w\" sizes=\"auto, (max-width: 709px) 85vw, (max-width: 909px) 67vw, (max-width: 1362px) 62vw, 840px\" \/><\/figure>\n<\/figure>\n\n\n\n<p><br>Bereits zwei Jahre sp\u00e4ter nahmen Altbau, Neubau und Eingangsbereich deutlich Gestalt an. Parallel dazu bereiteten sich mehrere kleinere Bibliotheken auf ihre Schlie\u00dfung ab M\u00e4rz 2015 vor; rund 30 Kilometer B\u00fccher mussten in dieser Zeit bewegt werden.<br>Am 20. April 2015 war es schlie\u00dflich so weit: Nach jahrelanger Planung \u00f6ffnete die Campusbibliothek f\u00fcr Natur-, Kultur- und Bildungswissenschaften, Mathematik, Informatik und Psychologie erstmals ihre T\u00fcren. Die ersten Nutzenden wurden feierlich vom damaligen Bibliotheksleiter Martin Lee begr\u00fc\u00dft \u2013 mit Blumenstrau\u00df und B\u00fcchergutschein. Im Mai folgte die offizielle Er\u00f6ffnungsfeier.<\/p>\n\n\n\n<figure class=\"wp-block-image size-full\"><img loading=\"lazy\" decoding=\"async\" width=\"2560\" height=\"1716\" src=\"https:\/\/blogs.fu-berlin.de\/bibliotheken\/files\/2026\/01\/cb-eroeff-scaled.png\" alt=\"\" class=\"wp-image-34539\" srcset=\"https:\/\/blogs.fu-berlin.de\/bibliotheken\/files\/2026\/01\/cb-eroeff-scaled.png 2560w, https:\/\/blogs.fu-berlin.de\/bibliotheken\/files\/2026\/01\/cb-eroeff-300x201.png 300w, https:\/\/blogs.fu-berlin.de\/bibliotheken\/files\/2026\/01\/cb-eroeff-1536x1029.png 1536w, https:\/\/blogs.fu-berlin.de\/bibliotheken\/files\/2026\/01\/cb-eroeff-2048x1372.png 2048w, https:\/\/blogs.fu-berlin.de\/bibliotheken\/files\/2026\/01\/cb-eroeff-1200x804.png 1200w\" sizes=\"auto, (max-width: 709px) 85vw, (max-width: 909px) 67vw, (max-width: 1362px) 62vw, 840px\" \/><figcaption class=\"wp-element-caption\"><em>Begr\u00fc\u00dfung der ersten Nutzenden durch Martin Lee (rechts) am 20.04.2015<\/em><\/figcaption><\/figure>\n\n\n\n<h3 class=\"wp-block-heading\">Highlights und Neuerungen aus 10 Jahren<\/h3>\n\n\n\n<p>Am ersten \u00d6ffnungstag lief noch nicht alles reibungslos, doch seit 2015 hat sich die Campusbibliothek kontinuierlich weiterentwickelt. F\u00fcr jedes Jahr wurde eine beispielhafte Neuerung ausgew\u00e4hlt:<\/p>\n\n\n\n<ul class=\"wp-block-list\">\n<li><strong>2016:<\/strong> Einf\u00fchrung eines Meinungskastens mit Pinnwand.<\/li>\n\n\n\n<li><strong>2017:<\/strong> Die Schlie\u00dff\u00e4cher erhielten per Abstimmung liebevoll ausgew\u00e4hlte St\u00e4dtenamen \u2013 aus allen Kontinenten sowie aus Fantasiewelten unserer Nutzenden.<\/li>\n\n\n\n<li><strong>2018:<\/strong> Einzug der Kunst-am-Bau-Tapete sowie des Maskottchens, des Kojoten \u201eTrickster\u201c.<\/li>\n\n\n\n<li><strong>2019:<\/strong> Start der Coffee Lectures \u2013 zehnmin\u00fctige Kurzvortr\u00e4ge inklusive kostenlosem Kaffee.<\/li>\n\n\n\n<li><strong>2020\/2021:<\/strong> Pandemie-Betrieb<\/li>\n\n\n\n<li><strong>2022:<\/strong> Premiere des Aktionsstandes zum Semesterstart mit Gl\u00fccksspiel, Kaffee und hohem Wiedererkennungswert f\u00fcr Erstsemester wie Stammnutzende.<\/li>\n\n\n\n<li><strong>2023:<\/strong> Der bisherige Stille Lesesaal wurde zur Learning Lounge umgestaltet \u2013 ein Ort f\u00fcr Gruppenarbeit und Austausch.<\/li>\n\n\n\n<li><strong>2024:<\/strong> Der fr\u00fchere Kopierraum wurde zum Veranstaltungsraum und bietet seither Platz f\u00fcr Coffee Lectures, Bewegte Pausen, Primo-Einf\u00fchrungen und weitere Angebote.<\/li>\n<\/ul>\n\n\n\n<figure class=\"wp-block-gallery has-nested-images columns-default is-cropped wp-block-gallery-2 is-layout-flex wp-block-gallery-is-layout-flex\">\n<figure class=\"wp-block-image size-large\"><img loading=\"lazy\" decoding=\"async\" width=\"2324\" height=\"1296\" data-id=\"34540\" src=\"https:\/\/blogs.fu-berlin.de\/bibliotheken\/files\/2026\/01\/Bild7.png\" alt=\"\" class=\"wp-image-34540\" srcset=\"https:\/\/blogs.fu-berlin.de\/bibliotheken\/files\/2026\/01\/Bild7.png 2324w, https:\/\/blogs.fu-berlin.de\/bibliotheken\/files\/2026\/01\/Bild7-300x167.png 300w, https:\/\/blogs.fu-berlin.de\/bibliotheken\/files\/2026\/01\/Bild7-1536x857.png 1536w, https:\/\/blogs.fu-berlin.de\/bibliotheken\/files\/2026\/01\/Bild7-2048x1142.png 2048w, https:\/\/blogs.fu-berlin.de\/bibliotheken\/files\/2026\/01\/Bild7-1200x669.png 1200w\" sizes=\"auto, (max-width: 709px) 85vw, (max-width: 909px) 67vw, (max-width: 1362px) 62vw, 840px\" \/><\/figure>\n\n\n\n<figure class=\"wp-block-image size-large\"><img loading=\"lazy\" decoding=\"async\" width=\"2560\" height=\"1717\" data-id=\"34541\" src=\"https:\/\/blogs.fu-berlin.de\/bibliotheken\/files\/2026\/01\/Bild6-scaled.png\" alt=\"\" class=\"wp-image-34541\" srcset=\"https:\/\/blogs.fu-berlin.de\/bibliotheken\/files\/2026\/01\/Bild6-scaled.png 2560w, https:\/\/blogs.fu-berlin.de\/bibliotheken\/files\/2026\/01\/Bild6-300x201.png 300w, https:\/\/blogs.fu-berlin.de\/bibliotheken\/files\/2026\/01\/Bild6-1536x1030.png 1536w, https:\/\/blogs.fu-berlin.de\/bibliotheken\/files\/2026\/01\/Bild6-2048x1373.png 2048w, https:\/\/blogs.fu-berlin.de\/bibliotheken\/files\/2026\/01\/Bild6-1200x805.png 1200w\" sizes=\"auto, (max-width: 709px) 85vw, (max-width: 909px) 67vw, (max-width: 1362px) 62vw, 840px\" \/><\/figure>\n\n\n\n<figure class=\"wp-block-image size-large\"><img loading=\"lazy\" decoding=\"async\" width=\"2560\" height=\"1710\" data-id=\"34545\" src=\"https:\/\/blogs.fu-berlin.de\/bibliotheken\/files\/2026\/01\/Bild5-scaled.png\" alt=\"\" class=\"wp-image-34545\" srcset=\"https:\/\/blogs.fu-berlin.de\/bibliotheken\/files\/2026\/01\/Bild5-scaled.png 2560w, https:\/\/blogs.fu-berlin.de\/bibliotheken\/files\/2026\/01\/Bild5-300x200.png 300w, https:\/\/blogs.fu-berlin.de\/bibliotheken\/files\/2026\/01\/Bild5-1536x1026.png 1536w, https:\/\/blogs.fu-berlin.de\/bibliotheken\/files\/2026\/01\/Bild5-2048x1368.png 2048w, https:\/\/blogs.fu-berlin.de\/bibliotheken\/files\/2026\/01\/Bild5-1200x802.png 1200w\" sizes=\"auto, (max-width: 709px) 85vw, (max-width: 909px) 67vw, (max-width: 1362px) 62vw, 840px\" \/><\/figure>\n\n\n\n<figure class=\"wp-block-image size-large\"><img loading=\"lazy\" decoding=\"async\" width=\"2560\" height=\"1813\" data-id=\"34544\" src=\"https:\/\/blogs.fu-berlin.de\/bibliotheken\/files\/2026\/01\/Bild11-scaled.png\" alt=\"\" class=\"wp-image-34544\" srcset=\"https:\/\/blogs.fu-berlin.de\/bibliotheken\/files\/2026\/01\/Bild11-scaled.png 2560w, https:\/\/blogs.fu-berlin.de\/bibliotheken\/files\/2026\/01\/Bild11-300x212.png 300w, https:\/\/blogs.fu-berlin.de\/bibliotheken\/files\/2026\/01\/Bild11-1536x1088.png 1536w, https:\/\/blogs.fu-berlin.de\/bibliotheken\/files\/2026\/01\/Bild11-2048x1450.png 2048w, https:\/\/blogs.fu-berlin.de\/bibliotheken\/files\/2026\/01\/Bild11-1200x850.png 1200w\" sizes=\"auto, (max-width: 709px) 85vw, (max-width: 909px) 67vw, (max-width: 1362px) 62vw, 840px\" \/><\/figure>\n\n\n\n<figure class=\"wp-block-image size-large\"><img loading=\"lazy\" decoding=\"async\" width=\"2552\" height=\"1495\" data-id=\"34543\" src=\"https:\/\/blogs.fu-berlin.de\/bibliotheken\/files\/2026\/01\/Bild10.png\" alt=\"\" class=\"wp-image-34543\" srcset=\"https:\/\/blogs.fu-berlin.de\/bibliotheken\/files\/2026\/01\/Bild10.png 2552w, https:\/\/blogs.fu-berlin.de\/bibliotheken\/files\/2026\/01\/Bild10-300x176.png 300w, https:\/\/blogs.fu-berlin.de\/bibliotheken\/files\/2026\/01\/Bild10-1536x900.png 1536w, https:\/\/blogs.fu-berlin.de\/bibliotheken\/files\/2026\/01\/Bild10-2048x1200.png 2048w, https:\/\/blogs.fu-berlin.de\/bibliotheken\/files\/2026\/01\/Bild10-1200x703.png 1200w\" sizes=\"auto, (max-width: 709px) 85vw, (max-width: 909px) 67vw, (max-width: 1362px) 62vw, 840px\" \/><\/figure>\n\n\n\n<figure class=\"wp-block-image size-large\"><img loading=\"lazy\" decoding=\"async\" width=\"2560\" height=\"980\" data-id=\"34547\" src=\"https:\/\/blogs.fu-berlin.de\/bibliotheken\/files\/2026\/01\/Bild8-scaled.png\" alt=\"\" class=\"wp-image-34547\" srcset=\"https:\/\/blogs.fu-berlin.de\/bibliotheken\/files\/2026\/01\/Bild8-scaled.png 2560w, https:\/\/blogs.fu-berlin.de\/bibliotheken\/files\/2026\/01\/Bild8-300x115.png 300w, https:\/\/blogs.fu-berlin.de\/bibliotheken\/files\/2026\/01\/Bild8-1536x588.png 1536w, https:\/\/blogs.fu-berlin.de\/bibliotheken\/files\/2026\/01\/Bild8-2048x784.png 2048w, https:\/\/blogs.fu-berlin.de\/bibliotheken\/files\/2026\/01\/Bild8-1200x460.png 1200w\" sizes=\"auto, (max-width: 709px) 85vw, (max-width: 909px) 67vw, (max-width: 1362px) 62vw, 840px\" \/><\/figure>\n<\/figure>\n\n\n\n<h3 class=\"wp-block-heading\">Das Jubil\u00e4umsjahr 2025<\/h3>\n\n\n\n<p>Das Jubil\u00e4umsjahr begann traditionsgem\u00e4\u00df im April: Die erste Person, die an diesem Tag begr\u00fc\u00dft wurde, erhielt ein nachhaltiges Geschenk in Form einer Topfpflanze sowie ein Goodie-Bag.<\/p>\n\n\n<div class=\"wp-block-image\">\n<figure class=\"aligncenter size-full is-resized\"><img loading=\"lazy\" decoding=\"async\" width=\"1828\" height=\"2560\" src=\"https:\/\/blogs.fu-berlin.de\/bibliotheken\/files\/2026\/01\/Bild12-scaled.png\" alt=\"\" class=\"wp-image-34548\" style=\"width:302px;height:auto\" srcset=\"https:\/\/blogs.fu-berlin.de\/bibliotheken\/files\/2026\/01\/Bild12-scaled.png 1828w, https:\/\/blogs.fu-berlin.de\/bibliotheken\/files\/2026\/01\/Bild12-214x300.png 214w, https:\/\/blogs.fu-berlin.de\/bibliotheken\/files\/2026\/01\/Bild12-1097x1536.png 1097w, https:\/\/blogs.fu-berlin.de\/bibliotheken\/files\/2026\/01\/Bild12-1462x2048.png 1462w\" sizes=\"auto, (max-width: 709px) 85vw, (max-width: 909px) 67vw, (max-width: 1362px) 62vw, 840px\" \/><figcaption class=\"wp-element-caption\">Begr\u00fc\u00dfung der ersten Nutzenden (links) durch Bibliotheksleiterin Monika Schade und dem kommissarischen Benutzungsleiter Francisco Louren\u00e7o am 23.04.2025<\/figcaption><\/figure><\/div>\n\n\n<p><br>Zeitgleich starteten eine Instagram-Zeitreise und eine Jubil\u00e4umsausstellung im Altbau, in der unter anderem kuriose Fundsachen aus den vergangenen Jahren gezeigt wurden \u2013 darunter ein Skateboard, ein Cartier-Ring und sogar ein Erwachsenenspielzeug.<\/p>\n\n\n\n<p>Im Juni erhielt die Campusbibliothek ein besonderes Geburtstagsgeschenk: ein Kunstwerk der K\u00fcnstlerin Lea Ebeling. Es schm\u00fcckt heute das Terrassenfenster im 1. Obergeschoss des Neubaus und spiegelt die Tier- und Pflanzenwelt des Campus wider. Auch das Maskottchen \u201eTrickster\u201c ist darin vertreten.<\/p>\n\n\n\n<figure class=\"wp-block-gallery has-nested-images columns-default is-cropped wp-block-gallery-3 is-layout-flex wp-block-gallery-is-layout-flex\">\n<figure class=\"wp-block-image size-large\"><img loading=\"lazy\" decoding=\"async\" width=\"1277\" height=\"1692\" data-id=\"34550\" src=\"https:\/\/blogs.fu-berlin.de\/bibliotheken\/files\/2026\/01\/Bild13.png\" alt=\"\" class=\"wp-image-34550\" srcset=\"https:\/\/blogs.fu-berlin.de\/bibliotheken\/files\/2026\/01\/Bild13.png 1277w, https:\/\/blogs.fu-berlin.de\/bibliotheken\/files\/2026\/01\/Bild13-226x300.png 226w, https:\/\/blogs.fu-berlin.de\/bibliotheken\/files\/2026\/01\/Bild13-1159x1536.png 1159w, https:\/\/blogs.fu-berlin.de\/bibliotheken\/files\/2026\/01\/Bild13-1200x1590.png 1200w\" sizes=\"auto, (max-width: 709px) 85vw, (max-width: 909px) 67vw, (max-width: 1362px) 62vw, 840px\" \/><\/figure>\n\n\n\n<figure class=\"wp-block-image size-large\"><img loading=\"lazy\" decoding=\"async\" width=\"2560\" height=\"1926\" data-id=\"34551\" src=\"https:\/\/blogs.fu-berlin.de\/bibliotheken\/files\/2026\/01\/Bild14-scaled.png\" alt=\"\" class=\"wp-image-34551\" srcset=\"https:\/\/blogs.fu-berlin.de\/bibliotheken\/files\/2026\/01\/Bild14-scaled.png 2560w, https:\/\/blogs.fu-berlin.de\/bibliotheken\/files\/2026\/01\/Bild14-300x226.png 300w, https:\/\/blogs.fu-berlin.de\/bibliotheken\/files\/2026\/01\/Bild14-1536x1155.png 1536w, https:\/\/blogs.fu-berlin.de\/bibliotheken\/files\/2026\/01\/Bild14-2048x1540.png 2048w, https:\/\/blogs.fu-berlin.de\/bibliotheken\/files\/2026\/01\/Bild14-1200x903.png 1200w\" sizes=\"auto, (max-width: 709px) 85vw, (max-width: 909px) 67vw, (max-width: 1362px) 62vw, 840px\" \/><\/figure>\n<\/figure>\n\n\n\n<p><\/p>\n\n\n\n<p>Ende Juni folgte die gro\u00dfe Feier im Rahmen der Langen Nacht der Wissenschaften. Auf dem Programm standen F\u00fchrungen mit exklusiven Einblicken hinter die Kulissen, Escape Rooms mit langen Warteschlangen, eine Stempel-Rallye zur Veranschaulichung der vielf\u00e4ltigen Bibliotheksarbeit sowie zahlreiche weitere Aktionen. Die Fotos in der <a href=\"https:\/\/www.fu-berlin.de\/sites\/ub\/medien\/10-Jahre-CB.pdf\" target=\"_blank\" rel=\"noreferrer noopener\">PDF-Pr\u00e4sentation<\/a> zeigen die Ruhe vor dem Sturm \u2013 kurz nach Beginn war die Bibliothek stark frequentiert. Ein intensiver, aber sehr gelungener Abend.<\/p>\n\n\n<div class=\"wp-block-image\">\n<figure class=\"aligncenter size-full is-resized\"><img loading=\"lazy\" decoding=\"async\" width=\"2560\" height=\"2327\" src=\"https:\/\/blogs.fu-berlin.de\/bibliotheken\/files\/2026\/01\/Bild15-scaled.png\" alt=\"\" class=\"wp-image-34552\" style=\"width:494px;height:auto\" srcset=\"https:\/\/blogs.fu-berlin.de\/bibliotheken\/files\/2026\/01\/Bild15-scaled.png 2560w, https:\/\/blogs.fu-berlin.de\/bibliotheken\/files\/2026\/01\/Bild15-300x273.png 300w, https:\/\/blogs.fu-berlin.de\/bibliotheken\/files\/2026\/01\/Bild15-1536x1396.png 1536w, https:\/\/blogs.fu-berlin.de\/bibliotheken\/files\/2026\/01\/Bild15-2048x1862.png 2048w, https:\/\/blogs.fu-berlin.de\/bibliotheken\/files\/2026\/01\/Bild15-1200x1091.png 1200w\" sizes=\"auto, (max-width: 709px) 85vw, (max-width: 909px) 67vw, (max-width: 1362px) 62vw, 840px\" \/><figcaption class=\"wp-element-caption\">Jubil\u00e4umsfeier zur Langen Nacht der Wissenschaften am 28.06.2025<\/figcaption><\/figure><\/div>\n\n\n<p>Im Oktober fand schlie\u00dflich eine interne Jubil\u00e4umsfeier statt. In entspannter Atmosph\u00e4re und gemeinsam mit vielen ehemaligen Kolleg*innen wurde auf zehn Jahre Campusbibliothek zur\u00fcckgeblickt und Erinnerungen ausgetauscht.<\/p>\n\n\n\n<h3 class=\"wp-block-heading\">Danke f\u00fcr 10 Jahre \u2013 und auf die n\u00e4chsten!<\/h3>\n\n\n\n<p>Mit dem Jahresende ging auch das Jubil\u00e4umsjahr zu Ende. Der Dank gilt allen, die die Feierlichkeiten begleitet und die Campusbibliothek in den vergangenen zehn Jahren unterst\u00fctzt haben. Die Vorfreude auf kommende Anl\u00e4sse zum gemeinsamen Feiern ist bereits gro\u00df.<\/p>\n\n\n<div class=\"wp-block-image\">\n<figure class=\"aligncenter size-full is-resized\"><img loading=\"lazy\" decoding=\"async\" width=\"2343\" height=\"2462\" src=\"https:\/\/blogs.fu-berlin.de\/bibliotheken\/files\/2026\/01\/Bild16.png\" alt=\"\" class=\"wp-image-34553\" style=\"width:291px;height:auto\" srcset=\"https:\/\/blogs.fu-berlin.de\/bibliotheken\/files\/2026\/01\/Bild16.png 2343w, https:\/\/blogs.fu-berlin.de\/bibliotheken\/files\/2026\/01\/Bild16-285x300.png 285w, https:\/\/blogs.fu-berlin.de\/bibliotheken\/files\/2026\/01\/Bild16-1462x1536.png 1462w, https:\/\/blogs.fu-berlin.de\/bibliotheken\/files\/2026\/01\/Bild16-1949x2048.png 1949w, https:\/\/blogs.fu-berlin.de\/bibliotheken\/files\/2026\/01\/Bild16-1200x1261.png 1200w\" sizes=\"auto, (max-width: 709px) 85vw, (max-width: 909px) 67vw, (max-width: 1362px) 62vw, 840px\" \/><figcaption class=\"wp-element-caption\">Maskottchen \u201eTrickster\u201c<\/figcaption><\/figure><\/div>\n\n\n<p class=\"has-text-align-center\"><a href=\"https:\/\/www.fu-berlin.de\/sites\/ub\/medien\/10-Jahre-CB.pdf\" target=\"_blank\" rel=\"noreferrer noopener\">Link zur PDF-Pr\u00e4sentation<\/a> (36 Seiten)<\/p>\n\n\n\n<p class=\"has-text-align-center\"><em>Vielen Dank an Diana Merten f\u00fcr das Verfassen dieses Beitrags.<\/em><\/p>\n","protected":false},"excerpt":{"rendered":"<p>2025 war ein aufregendes Jahr f\u00fcr die Campusbibliothek: Sie feierte ihr 10-j\u00e4hriges Bestehen. Ein ganzes Jahrzehnt voller Ver\u00e4nderungen, Projekte, \u00dcberraschungen und vor allem vieler Menschen, die die Bibliothek zu dem gemacht haben, was sie heute ist. Eine Pr\u00e4sentation im PDF-Format vermittelt einen bildlichen Eindruck des Jubil\u00e4umsjahres. Die Planungen f\u00fcr das Jubil\u00e4umsjahr begannen bereits 2024. In &hellip; <a href=\"https:\/\/blogs.fu-berlin.de\/bibliotheken\/2026\/01\/21\/10-jahre-campusbibliothek\/\" class=\"more-link\"><span class=\"screen-reader-text\">\u201e10 Jahre Campusbibliothek\u201c<\/span> weiterlesen<\/a><\/p>\n","protected":false},"author":9040,"featured_media":0,"comment_status":"open","ping_status":"open","sticky":false,"template":"","format":"standard","meta":{"footnotes":""},"categories":[9],"tags":[24650,410],"class_list":["post-34535","post","type-post","status-publish","format-standard","hentry","category-allgemein","tag-campusbibliothek","tag-jubilaum"],"_links":{"self":[{"href":"https:\/\/blogs.fu-berlin.de\/bibliotheken\/wp-json\/wp\/v2\/posts\/34535","targetHints":{"allow":["GET"]}}],"collection":[{"href":"https:\/\/blogs.fu-berlin.de\/bibliotheken\/wp-json\/wp\/v2\/posts"}],"about":[{"href":"https:\/\/blogs.fu-berlin.de\/bibliotheken\/wp-json\/wp\/v2\/types\/post"}],"author":[{"embeddable":true,"href":"https:\/\/blogs.fu-berlin.de\/bibliotheken\/wp-json\/wp\/v2\/users\/9040"}],"replies":[{"embeddable":true,"href":"https:\/\/blogs.fu-berlin.de\/bibliotheken\/wp-json\/wp\/v2\/comments?post=34535"}],"version-history":[{"count":12,"href":"https:\/\/blogs.fu-berlin.de\/bibliotheken\/wp-json\/wp\/v2\/posts\/34535\/revisions"}],"predecessor-version":[{"id":34627,"href":"https:\/\/blogs.fu-berlin.de\/bibliotheken\/wp-json\/wp\/v2\/posts\/34535\/revisions\/34627"}],"wp:attachment":[{"href":"https:\/\/blogs.fu-berlin.de\/bibliotheken\/wp-json\/wp\/v2\/media?parent=34535"}],"wp:term":[{"taxonomy":"category","embeddable":true,"href":"https:\/\/blogs.fu-berlin.de\/bibliotheken\/wp-json\/wp\/v2\/categories?post=34535"},{"taxonomy":"post_tag","embeddable":true,"href":"https:\/\/blogs.fu-berlin.de\/bibliotheken\/wp-json\/wp\/v2\/tags?post=34535"}],"curies":[{"name":"wp","href":"https:\/\/api.w.org\/{rel}","templated":true}]}}