{"id":34600,"date":"2026-01-19T10:50:18","date_gmt":"2026-01-19T09:50:18","guid":{"rendered":"https:\/\/blogs.fu-berlin.de\/bibliotheken\/?p=34600"},"modified":"2026-01-19T21:20:35","modified_gmt":"2026-01-19T20:20:35","slug":"wochenvorschau-der-universitaetsbibliothek-4-kw-fuer-alle-die-mehr-wissen-wollen","status":"publish","type":"post","link":"https:\/\/blogs.fu-berlin.de\/bibliotheken\/2026\/01\/19\/wochenvorschau-der-universitaetsbibliothek-4-kw-fuer-alle-die-mehr-wissen-wollen\/","title":{"rendered":"Wochenvorschau der Universit\u00e4tsbibliothek (4. KW) \u2013 f\u00fcr alle, die mehr wissen wollen!"},"content":{"rendered":"\n<p>Die Semesteruhr tickt, und die Anforderungen an wissenschaftliches Arbeiten wachsen stetig. Ob Ihre Eure <strong>Schreibblockaden l\u00f6sen<\/strong>, die neuesten <strong>KI-Tools<\/strong> f\u00fcr Eure Recherche b\u00e4ndigen oder Eure <strong>Lehre digital optimieren<\/strong> wollt \u2013 die  <a href=\"https:\/\/www.fu-berlin.de\/sites\/ub\">Universit\u00e4tsbibliothek<\/a> und die <a href=\"https:\/\/www.it.fu-berlin.de\/\">FUB-IT<\/a> unterst\u00fctzen Euch dabei!<\/p>\n\n\n\n<p>Diese Woche erwartet Euch ein dicht gepacktes Programm: Von der kurzen Coffee Lecture \u00fcber spezialisierte Datenbank-Schulungen bis hin zu individueller Beratung ist f\u00fcr jeden Fachbereich etwas dabei.<\/p>\n\n\n\n<p>Dar\u00fcber hinaus k\u00f6nnen Dozent*innen der Freien Universit\u00e4t Sondertermine und Inhalte individuell <a href=\"https:\/\/www.fu-berlin.de\/sites\/ub\/lernangebote\/index.html\" target=\"_blank\" rel=\"noreferrer noopener\">mit uns vereinbaren<\/a>!<\/p>\n\n\n\n<figure class=\"wp-block-image size-full\"><img loading=\"lazy\" decoding=\"async\" width=\"1000\" height=\"753\" src=\"https:\/\/blogs.fu-berlin.de\/bibliotheken\/files\/2025\/10\/PXL_20250404_082306331-preview.jpg\" alt=\"\" class=\"wp-image-34329\" srcset=\"https:\/\/blogs.fu-berlin.de\/bibliotheken\/files\/2025\/10\/PXL_20250404_082306331-preview.jpg 1000w, https:\/\/blogs.fu-berlin.de\/bibliotheken\/files\/2025\/10\/PXL_20250404_082306331-preview-300x226.jpg 300w\" sizes=\"auto, (max-width: 709px) 85vw, (max-width: 909px) 67vw, (max-width: 1362px) 62vw, 840px\" \/><\/figure>\n\n\n\n<p>Das Angebot der 4. Kalenderwoche im \u00dcberblick:<\/p>\n\n\n\n<p><strong>Dienstag, <strong>20.01.2026<\/strong> | 14:00\u201314:45<\/strong><br>\ud83e\udd16 <a href=\"https:\/\/www.fu-berlin.de\/sites\/ub\/lernangebote\/literaturrecherche\/primo-ai\/index.html\" target=\"_blank\" rel=\"noreferrer noopener\">Primo AI \u2013 der \u201eKI-Assistent\u201c<\/a><br>(online \u2013 Anmeldung erforderlich)<br>Veranstalterin: Zentralbibliothek<\/p>\n\n\n\n<p><strong>Dienstag, <strong>20.01.2026<\/strong> | 12:00\u201313:00<\/strong><br>\ud83d\udc69\u200d\ud83c\udfeb <a href=\"https:\/\/www.it.fu-berlin.de\/unsere-services\/kompetenzentwicklung\/fortbildungen\/workshops\/Sprechstunden\/2026-01-20_4You-Sprechstunde.html\" target=\"_blank\" rel=\"noreferrer noopener\">4You: Individuelle Beratung zu digitaler Lehre<\/a><br>(Online-Beratung f\u00fcr Lehrende und Mitarbeitende \u2013 Anmeldung erforderlich)<br>Veranstalterin: FUB-IT<\/p>\n\n\n\n<p><strong>Dienstag, <strong>20.01.2026<\/strong> | 16:15\u201317:45<\/strong><br>\ud83d\udcdd <a href=\"https:\/\/www.fu-berlin.de\/sites\/ub\/lernangebote\/wissenschaftliches-schreiben\/einleitung-expose-abstract\/index.html\" target=\"_blank\" rel=\"noreferrer noopener\">Schreibworkshop: Einleitung, Expos\u00e9, Abstract &#8230; Was ist der Unterschied und was geh\u00f6rt rein?<\/a><br>(Hybrid-Workshop \u2013 Anmeldung erforderlich)<br>Veranstalterin: Zentralbibliothek<\/p>\n\n\n\n<p><strong>Wednesday, 21.01.2026 | 10:00\u201312:00<\/strong><br><strong>\ud83c\uddec\ud83c\udde7\ud83c\uddfa\ud83c\uddf8<\/strong> <a href=\"https:\/\/www.fu-berlin.de\/sites\/ub\/forschen-lehren\/fortbildungen_ful\/workshops\/RDM_nutshell_2026_01_21.html\" target=\"_blank\" rel=\"noreferrer noopener\">Research Data Management in a nutshell<\/a><br>(online workshop \u2013 registration required)<br>Organizer: Central Library<\/p>\n\n\n\n<p><strong>Donnerstag, 22.01.2026 | 9:30\u201311:00<\/strong><br>\ud83c\udf10 <a href=\"https:\/\/www.fu-berlin.de\/sites\/philbib\/03chulungen-Veranstaltungsbeschreibungen\/Datenbankschulung-MLA-und-BDSL.html\" target=\"_blank\" rel=\"noreferrer noopener\">Datenbankschulung: MLA International Bibliography &amp; BDSL Online<\/a><br>(Vor-Ort-Termin \u2013 Anmeldung erforderlich)<br>Veranstalterin: Philologische Bibliothek<\/p>\n\n\n\n<p><strong>Donnerstag, <strong>22.01.2026<\/strong> | 10:00\u201312:00<\/strong><br>\ud83c\udf93 <a href=\"https:\/\/www.fu-berlin.de\/sites\/philbib\/03chulungen-Veranstaltungsbeschreibungen\/Publikationsstrategien-fuer-Geisteswissenschaftler_innen.html\" target=\"_blank\" rel=\"noreferrer noopener\">Publikationsstrategien f\u00fcr Geisteswissenschaftler*innen<\/a><br>(Vor-Ort-Workshop \u2013 Anmeldung erforderlich)<br>Veranstalterin: Philologische Bibliothek<\/p>\n\n\n\n<p><strong><strong>Donnerstag, <strong>22.01.2026<\/strong> | 13:00\u201314:30<\/strong><\/strong><br><strong>\ud83d\udd0d&nbsp;<\/strong><a href=\"https:\/\/www.fu-berlin.de\/sites\/philbib\/03chulungen-Veranstaltungsbeschreibungen\/Literaturrecherche-Grundschulung.html\" target=\"_blank\" rel=\"noreferrer noopener\">Literaturrecherche Grundschulung<\/a><br>(Vor-Ort-Termin\u2013 Anmeldung erforderlich)<br>Veranstalterin: Philologische Bibliothek<\/p>\n\n\n\n<p><strong><strong><strong>Donnerstag, <strong>22.01.2026<\/strong> | 15:00\u201316:00<\/strong><\/strong><\/strong><br>\ud83d\udeb6 <a href=\"https:\/\/www.jura.fu-berlin.de\/bibliothek\/Veranstaltungen\/Bibliothekstermine\/Bibliotheksfuehrung2.html\" target=\"_blank\" rel=\"noreferrer noopener\">F\u00fchrung durch die Fachbibliothek Rechtswissenschaft<\/a><br>(Pr\u00e4senz-Termin \u2013 Anmeldung erforderlich)<br>Veranstalterin: Fachbibliothek Rechtswissenschaft<\/p>\n\n\n\n<p><strong>Donnerstag, <strong><strong><strong><strong>22.01.2026<\/strong><\/strong><\/strong><\/strong> | 15:15\u201315:45<br>\u2615\ufe0f <\/strong><a href=\"https:\/\/www.geo.fu-berlin.de\/bibliotheken\/Aktuelles\/Coffee-Lectures-2025-26-WiSe.html\" target=\"_blank\" rel=\"noreferrer noopener\">Coffee Lecture: KI \u2013 Literaturverwaltung mit Citavi<\/a><br>(hybrid \u2013 ohne Anmeldung)<br>Veranstalterin: Fachbibliothek Geowissenschaften<\/p>\n\n\n\n<p><strong>Freitag, 23.01.2026 | 9:00\u201310:30<br>\ud83d\udd0d<\/strong> <a href=\"https:\/\/www.jura.fu-berlin.de\/bibliothek\/Veranstaltungen\/Bibliothekstermine\/Termine_Pool-und-DigitaleLehre\/webeinfuehrung4.html\" target=\"_blank\" rel=\"noreferrer noopener\">Kurzeinf\u00fchrung in die Webrecherche<\/a><br>(Vor-Ort-Termin \u2013 Anmeldung erforderlich)<br>Veranstalterin: Fachbibliothek Rechtswissenschaft<\/p>\n\n\n\n<p><strong>Friday, <strong>23.01.2026<\/strong> | 11:00\u201312:30<\/strong><br><strong><strong>\ud83c\uddec\ud83c\udde7\ud83c\uddfa\ud83c\uddf8<\/strong> <\/strong> <a href=\"https:\/\/www.fu-berlin.de\/en\/sites\/ub\/lernangebote\/literaturrecherche\/intensivkurs\/index.html\" target=\"_blank\" rel=\"noreferrer noopener\">Intensive Research Course in English<\/a><br>(online \u2013 registration required)<br>Organizer: Central Library<\/p>\n\n\n\n<p><strong>Freitag, <strong><strong>23.01.2026<\/strong><\/strong> | 12:00\u201313:00<br>\ud83d\udd13 <\/strong><a href=\"https:\/\/www.jura.fu-berlin.de\/bibliothek\/Veranstaltungen\/Bibliothekstermine\/Termine_Pool-und-DigitaleLehre\/EinfuehrungOpenAccess2.html\" target=\"_blank\" rel=\"noreferrer noopener\">Einf\u00fchrung Open Access in der Rechtswissenschaft<\/a><br>(Vor-Ort-Termin \u2013 Anmeldung erforderlich)<br>Veranstalterin: Fachbibliothek Rechtswissenschaft<\/p>\n\n\n\n<p><strong>Freitag, <strong><strong>23.01.2026<\/strong><\/strong> | 12:00\u201314:00<br>\ud83c\udf10 <\/strong><a href=\"https:\/\/www.jura.fu-berlin.de\/bibliothek\/Veranstaltungen\/Bibliothekstermine\/Termine_Pool-und-DigitaleLehre\/schluesselqualiB03.html\" target=\"_blank\" rel=\"noreferrer noopener\">Schl\u00fcsselqualifikation Internetrecherche f\u00fcr das Studium der Rechtswissenschaft<\/a><br>(Vor-Ort-Termin \u2013 Anmeldung erforderlich)<br>Veranstalterin: Fachbibliothek Rechtswissenschaft<\/p>\n\n\n\n<p>Die Schulungen sind kostenfrei und zum Teil auch f\u00fcr Nicht-Hochschulangeh\u00f6rige frei zug\u00e4nglich.<\/p>\n\n\n\n<p class=\"has-small-font-size\">(Bildquelle: Matheo Mareski-Iffl\u00e4nder)<\/p>\n","protected":false},"excerpt":{"rendered":"<p>Die Semesteruhr tickt, und die Anforderungen an wissenschaftliches Arbeiten wachsen stetig. Ob Ihre Eure Schreibblockaden l\u00f6sen, die neuesten KI-Tools f\u00fcr Eure Recherche b\u00e4ndigen oder Eure Lehre digital optimieren wollt \u2013 die Universit\u00e4tsbibliothek und die FUB-IT unterst\u00fctzen Euch dabei! Diese Woche erwartet Euch ein dicht gepacktes Programm: Von der kurzen Coffee Lecture \u00fcber spezialisierte Datenbank-Schulungen bis &hellip; <a href=\"https:\/\/blogs.fu-berlin.de\/bibliotheken\/2026\/01\/19\/wochenvorschau-der-universitaetsbibliothek-4-kw-fuer-alle-die-mehr-wissen-wollen\/\" class=\"more-link\"><span class=\"screen-reader-text\">\u201eWochenvorschau der Universit\u00e4tsbibliothek (4. KW) \u2013 f\u00fcr alle, die mehr wissen wollen!\u201c<\/span> weiterlesen<\/a><\/p>\n","protected":false},"author":293,"featured_media":0,"comment_status":"open","ping_status":"open","sticky":false,"template":"","format":"standard","meta":{"footnotes":""},"categories":[9],"tags":[],"class_list":["post-34600","post","type-post","status-publish","format-standard","hentry","category-allgemein"],"_links":{"self":[{"href":"https:\/\/blogs.fu-berlin.de\/bibliotheken\/wp-json\/wp\/v2\/posts\/34600","targetHints":{"allow":["GET"]}}],"collection":[{"href":"https:\/\/blogs.fu-berlin.de\/bibliotheken\/wp-json\/wp\/v2\/posts"}],"about":[{"href":"https:\/\/blogs.fu-berlin.de\/bibliotheken\/wp-json\/wp\/v2\/types\/post"}],"author":[{"embeddable":true,"href":"https:\/\/blogs.fu-berlin.de\/bibliotheken\/wp-json\/wp\/v2\/users\/293"}],"replies":[{"embeddable":true,"href":"https:\/\/blogs.fu-berlin.de\/bibliotheken\/wp-json\/wp\/v2\/comments?post=34600"}],"version-history":[{"count":11,"href":"https:\/\/blogs.fu-berlin.de\/bibliotheken\/wp-json\/wp\/v2\/posts\/34600\/revisions"}],"predecessor-version":[{"id":34612,"href":"https:\/\/blogs.fu-berlin.de\/bibliotheken\/wp-json\/wp\/v2\/posts\/34600\/revisions\/34612"}],"wp:attachment":[{"href":"https:\/\/blogs.fu-berlin.de\/bibliotheken\/wp-json\/wp\/v2\/media?parent=34600"}],"wp:term":[{"taxonomy":"category","embeddable":true,"href":"https:\/\/blogs.fu-berlin.de\/bibliotheken\/wp-json\/wp\/v2\/categories?post=34600"},{"taxonomy":"post_tag","embeddable":true,"href":"https:\/\/blogs.fu-berlin.de\/bibliotheken\/wp-json\/wp\/v2\/tags?post=34600"}],"curies":[{"name":"wp","href":"https:\/\/api.w.org\/{rel}","templated":true}]}}