{"id":34613,"date":"2026-01-20T14:43:00","date_gmt":"2026-01-20T13:43:00","guid":{"rendered":"https:\/\/blogs.fu-berlin.de\/bibliotheken\/?p=34613"},"modified":"2026-01-20T23:52:26","modified_gmt":"2026-01-20T22:52:26","slug":"fachbibliothek-veterinaermedizin-wieder-geoeffnet","status":"publish","type":"post","link":"https:\/\/blogs.fu-berlin.de\/bibliotheken\/2026\/01\/20\/fachbibliothek-veterinaermedizin-wieder-geoeffnet\/","title":{"rendered":"Fachbibliothek Veterin\u00e4rmedizin wieder ge\u00f6ffnet"},"content":{"rendered":"\n<figure class=\"wp-block-image size-full\"><img loading=\"lazy\" decoding=\"async\" width=\"700\" height=\"432\" src=\"https:\/\/blogs.fu-berlin.de\/bibliotheken\/files\/2026\/01\/vetmed-bibliothek.jpg\" alt=\"\" class=\"wp-image-34499\" srcset=\"https:\/\/blogs.fu-berlin.de\/bibliotheken\/files\/2026\/01\/vetmed-bibliothek.jpg 700w, https:\/\/blogs.fu-berlin.de\/bibliotheken\/files\/2026\/01\/vetmed-bibliothek-300x185.jpg 300w\" sizes=\"auto, (max-width: 709px) 85vw, (max-width: 909px) 67vw, (max-width: 984px) 61vw, (max-width: 1362px) 45vw, 600px\" \/><\/figure>\n\n\n\n<p>Die\u00a0<a href=\"https:\/\/www.vetmed.fu-berlin.de\/bibliothek\/\" target=\"_blank\" rel=\"noreferrer noopener\">Fachbibliothek Veterin\u00e4rmedizin<\/a>\u00a0ist nach dem gro\u00dffl\u00e4chigen Stromausfall im S\u00fcdwesten Berlins wieder regul\u00e4r ge\u00f6ffnet. <\/p>\n\n\n\n<p>Alle Services vor Ort am Campus D\u00fcppel stehen Ihnen seit Montag, dem 19. Januar 2026, wie gewohnt zur Verf\u00fcgung.<\/p>\n\n\n\n<p>Wir danken Ihnen f\u00fcr Ihre Geduld und freuen uns auf Ihren Besuch!<br>Ihr Team der Universit\u00e4tsbibliothek<\/p>\n\n\n\n<p class=\"has-small-font-size\">(Bildquelle: Marc Spieseke)<\/p>\n","protected":false},"excerpt":{"rendered":"<p>Die\u00a0Fachbibliothek Veterin\u00e4rmedizin\u00a0ist nach dem gro\u00dffl\u00e4chigen Stromausfall im S\u00fcdwesten Berlins wieder regul\u00e4r ge\u00f6ffnet. Alle Services vor Ort am Campus D\u00fcppel stehen Ihnen seit Montag, dem 19. Januar 2026, wie gewohnt zur Verf\u00fcgung. Wir danken Ihnen f\u00fcr Ihre Geduld und freuen uns auf Ihren Besuch!Ihr Team der Universit\u00e4tsbibliothek (Bildquelle: Marc Spieseke)<\/p>\n","protected":false},"author":293,"featured_media":0,"comment_status":"open","ping_status":"open","sticky":false,"template":"","format":"standard","meta":{"footnotes":""},"categories":[9],"tags":[],"class_list":["post-34613","post","type-post","status-publish","format-standard","hentry","category-allgemein"],"_links":{"self":[{"href":"https:\/\/blogs.fu-berlin.de\/bibliotheken\/wp-json\/wp\/v2\/posts\/34613","targetHints":{"allow":["GET"]}}],"collection":[{"href":"https:\/\/blogs.fu-berlin.de\/bibliotheken\/wp-json\/wp\/v2\/posts"}],"about":[{"href":"https:\/\/blogs.fu-berlin.de\/bibliotheken\/wp-json\/wp\/v2\/types\/post"}],"author":[{"embeddable":true,"href":"https:\/\/blogs.fu-berlin.de\/bibliotheken\/wp-json\/wp\/v2\/users\/293"}],"replies":[{"embeddable":true,"href":"https:\/\/blogs.fu-berlin.de\/bibliotheken\/wp-json\/wp\/v2\/comments?post=34613"}],"version-history":[{"count":3,"href":"https:\/\/blogs.fu-berlin.de\/bibliotheken\/wp-json\/wp\/v2\/posts\/34613\/revisions"}],"predecessor-version":[{"id":34617,"href":"https:\/\/blogs.fu-berlin.de\/bibliotheken\/wp-json\/wp\/v2\/posts\/34613\/revisions\/34617"}],"wp:attachment":[{"href":"https:\/\/blogs.fu-berlin.de\/bibliotheken\/wp-json\/wp\/v2\/media?parent=34613"}],"wp:term":[{"taxonomy":"category","embeddable":true,"href":"https:\/\/blogs.fu-berlin.de\/bibliotheken\/wp-json\/wp\/v2\/categories?post=34613"},{"taxonomy":"post_tag","embeddable":true,"href":"https:\/\/blogs.fu-berlin.de\/bibliotheken\/wp-json\/wp\/v2\/tags?post=34613"}],"curies":[{"name":"wp","href":"https:\/\/api.w.org\/{rel}","templated":true}]}}