{"id":349,"date":"2009-03-26T16:34:06","date_gmt":"2009-03-26T15:34:06","guid":{"rendered":"https:\/\/blogs.fu-berlin.de\/bibliotheken\/?p=349"},"modified":"2009-03-26T16:34:06","modified_gmt":"2009-03-26T15:34:06","slug":"ausstellung-geraubt-die-bucher-der-berliner-juden","status":"publish","type":"post","link":"https:\/\/blogs.fu-berlin.de\/bibliotheken\/2009\/03\/26\/ausstellung-geraubt-die-bucher-der-berliner-juden\/","title":{"rendered":"Ausstellung: Geraubt &#8211; die B\u00fccher der Berliner Juden"},"content":{"rendered":"<p>Die Ausstellung <a href=\"https:\/\/www.zlb.de\/aktivitaeten\/ausstellungen#FoyerRaubgutNov\">&#8222;Geraubt. Die B\u00fccher der Berliner Juden&#8220;<\/a> im Foyer der Berliner Stadtbibliothek pr\u00e4sentiert B\u00fccher aus dem Zugang &#8222;J&#8220; und weiteres Raubgut aus Magazin und Depot. Nach 65 Jahren Benutzung werden die B\u00fccher der \u00d6ffentlichkeit gezeigt. Die Ausstellung ist noch bis zum 18. April 2009 im Haus der  \tHaus Berliner Stadtbibliothek  (Breite Str. 32 &#8211; 34, 10178 Berlin-Mitte,  Sa 10-19 u. Mo-Fr 10-21 Uhr) zu sehen.\t\t<\/p>\n","protected":false},"excerpt":{"rendered":"<p>Die Ausstellung &#8222;Geraubt. Die B\u00fccher der Berliner Juden&#8220; im Foyer der Berliner Stadtbibliothek pr\u00e4sentiert B\u00fccher aus dem Zugang &#8222;J&#8220; und weiteres Raubgut aus Magazin und Depot. Nach 65 Jahren Benutzung werden die B\u00fccher der \u00d6ffentlichkeit gezeigt. Die Ausstellung ist noch bis zum 18. April 2009 im Haus der Haus Berliner Stadtbibliothek (Breite Str. 32 &#8211; &hellip; <a href=\"https:\/\/blogs.fu-berlin.de\/bibliotheken\/2009\/03\/26\/ausstellung-geraubt-die-bucher-der-berliner-juden\/\" class=\"more-link\"><span class=\"screen-reader-text\">\u201eAusstellung: Geraubt &#8211; die B\u00fccher der Berliner Juden\u201c<\/span> weiterlesen<\/a><\/p>\n","protected":false},"author":265,"featured_media":0,"comment_status":"open","ping_status":"open","sticky":false,"template":"","format":"standard","meta":{"footnotes":""},"categories":[599,70],"tags":[79,447,582,583,584],"class_list":["post-349","post","type-post","status-publish","format-standard","hentry","category-bibliothekswesen","category-veranstaltungen","tag-berlin","tag-bibliotheken","tag-bucher","tag-juden","tag-raubgut"],"_links":{"self":[{"href":"https:\/\/blogs.fu-berlin.de\/bibliotheken\/wp-json\/wp\/v2\/posts\/349","targetHints":{"allow":["GET"]}}],"collection":[{"href":"https:\/\/blogs.fu-berlin.de\/bibliotheken\/wp-json\/wp\/v2\/posts"}],"about":[{"href":"https:\/\/blogs.fu-berlin.de\/bibliotheken\/wp-json\/wp\/v2\/types\/post"}],"author":[{"embeddable":true,"href":"https:\/\/blogs.fu-berlin.de\/bibliotheken\/wp-json\/wp\/v2\/users\/265"}],"replies":[{"embeddable":true,"href":"https:\/\/blogs.fu-berlin.de\/bibliotheken\/wp-json\/wp\/v2\/comments?post=349"}],"version-history":[{"count":3,"href":"https:\/\/blogs.fu-berlin.de\/bibliotheken\/wp-json\/wp\/v2\/posts\/349\/revisions"}],"predecessor-version":[{"id":352,"href":"https:\/\/blogs.fu-berlin.de\/bibliotheken\/wp-json\/wp\/v2\/posts\/349\/revisions\/352"}],"wp:attachment":[{"href":"https:\/\/blogs.fu-berlin.de\/bibliotheken\/wp-json\/wp\/v2\/media?parent=349"}],"wp:term":[{"taxonomy":"category","embeddable":true,"href":"https:\/\/blogs.fu-berlin.de\/bibliotheken\/wp-json\/wp\/v2\/categories?post=349"},{"taxonomy":"post_tag","embeddable":true,"href":"https:\/\/blogs.fu-berlin.de\/bibliotheken\/wp-json\/wp\/v2\/tags?post=349"}],"curies":[{"name":"wp","href":"https:\/\/api.w.org\/{rel}","templated":true}]}}