{"id":3536,"date":"2009-12-03T10:55:00","date_gmt":"2009-12-03T09:55:00","guid":{"rendered":"https:\/\/blogs.fu-berlin.de\/bibliotheken\/?p=3536"},"modified":"2009-12-16T10:49:58","modified_gmt":"2009-12-16T09:49:58","slug":"suddeutsche-zeitung-ab-sofort-online","status":"publish","type":"post","link":"https:\/\/blogs.fu-berlin.de\/bibliotheken\/2009\/12\/03\/suddeutsche-zeitung-ab-sofort-online\/","title":{"rendered":"S\u00fcddeutsche Zeitung ab sofort online"},"content":{"rendered":"<p><img decoding=\"async\" src=\"https:\/\/blogs.fu-berlin.de\/bibliotheken\/files\/2009\/12\/zep1.jpg\" alt=\"\" align=\"right\" \/>Bis gestern noch schob sich die Kinnlade  bei so manchem Benutzer unmerklich nach unten, sobald dieser nach den neuesten Jahrg\u00e4ngen der S\u00fcddeutschen Zeitung fragte. Das M\u00fcnchener Blatt war &#8222;nur&#8220; bis 2006 vollst\u00e4ndig im FU-Bereich archiviert, das in der Digitalen Bibliothek vorhandene DVD-Archiv enthielt nur die Artikel von 1994 bis 2004. Doch die Universit\u00e4tsbibliothek ist dieser Schwachstelle beigekommen. Gemeinsam mit der Sozialwissenschaftlichen Bibliothek &amp; Bibliothek des Osteuropa-Instituts haben wir einen Zugang f\u00fcr das <a href=\"https:\/\/vs13.kobv.de\/V?portal=FUBERLIN&amp;institute=FUBERLIN&amp;func=find-db-1-title&amp;mode=titles&amp;scan_start=librarynet&amp;search_type=contains&amp;restricted=unrestricted\">neue Online-Archiv<\/a> erworben. Damit ist FU-Angeh\u00f6rigen vorerst bis 2012 der kostenfreie Zugriff auf SZ-Artikel gesichert <img decoding=\"async\" class=\"wp-smiley\" src=\"https:\/\/blogs.fu-berlin.de\/bibliotheken\/wp-includes\/images\/smilies\/icon_wink.gif\" alt=\";)\" \/>.<\/p>\n<p>Die S\u00fcddeutsche Zeitung gilt mit t\u00e4glich mehr als 1,26 Mio. Lesern als meistgelesene Qualit\u00e4tstageszeitung in Deutschland. Noch vor drei Jahren wurde sie von deutschen Journalisten zum \u201eLeitmedium\u201c Nr. 1 gew\u00e4hlt und verdr\u00e4ngte dabei den Spiegel. Ebenso hochwertig, mit babyblau-wei\u00dfer Oberfl\u00e4che, pr\u00e4sentiert sich das S\u00fcddeutsche-Archiv, kurz \u201eLibraryNet\u201c genannt. Hier kann ab 1992 in den Ausgaben \u201eDeutschland\u201c, \u201eBayern\u201c und \u201eM\u00fcnchen\u201c gest\u00f6bert werden. Die tagesaktuelle Deutschland-Ausgabe ist bereits am Vortag um 22 Uhr verf\u00fcgbar, die Ausgaben Bayern und M\u00fcnchen jeweils p\u00fcnktlich zur Fr\u00fchst\u00fcckszeit, morgens ab 7 Uhr.<\/p>\n<p>Neben den Haupt- und Nebenausgaben besteht auch Zugriff auf weitere Beilagen der SZ. So sind u. a. die Landkreisausgaben, das SZ-Magazin, die Jahresr\u00fcckblicke (ab 2005) und die mittlerweile eingestellten Magazine \u201eJetzt\u201c und \u201eComputer&amp;Co\u201c nachgewiesen. Wer sich mit den Artikeln im HTML-Text-Format nicht anfreunden m\u00f6chte, der kann bequem auf das pdf-Format oder die E-Paper-Ausgabe zur\u00fcckgreifen \u2013 ab 1998 gibt es ganze Zeitungsseiten im pdf-Format und Originallayout mit allen grafischen Elementen.<\/p>\n<p>Die Suchoptionen im Archiv sind vielf\u00e4ltig und k\u00f6nnen u. a. nach Zeitraum, Publikation, Ressort, Artikeltyp oder -gr\u00f6\u00dfe erfolgen. Dar\u00fcber hinaus gib es die Rechercheoption \u201eDossiers\u201c, die einen schnellen und gezielten Zugriff auf die wesentlichen Artikel zu einem bestimmten Thema gew\u00e4hrleistet. Interessante Artikel k\u00f6nnen pro Sitzung \u00fcber den Reiter \u201eAuswahl\u201c in einer Art Korb abgelegt und dann einzeln oder allesamt im HTML-Format ausgedruckt werden, wie man es auch schon von den Pressearchiven <a href=\"https:\/\/vs13.kobv.de\/V?func=find-db-1-title&amp;mode=titles&amp;scan_start=lexisnexis+wirtschaft&amp;search_type=contains&amp;restricted=unrestricted\">LexisNexis Wirtschaft<\/a> und <a href=\"https:\/\/vs13.kobv.de\/V?func=find-db-1-title&amp;mode=titles&amp;scan_start=wiso+praxis&amp;search_type=contains&amp;restricted=unrestricted\">Wiso praxis<\/a> her gew\u00f6hnt ist. Pdf-Dokumente k\u00f6nnen leider nur einzeln ausgedruckt werden &#8211; Nobody is Perfect!<\/p>\n<h6>Danke f\u00fcr das Bild an <a href=\"https:\/\/commons.wikimedia.org\/wiki\/File:ZeppelinS%C3%BCddeutscheZeitung.jpg\">WikiCommons<\/a>!<\/h6>\n","protected":false},"excerpt":{"rendered":"<p>Bis gestern noch schob sich die Kinnlade bei so manchem Benutzer unmerklich nach unten, sobald dieser nach den neuesten Jahrg\u00e4ngen der S\u00fcddeutschen Zeitung fragte. Das M\u00fcnchener Blatt war &#8222;nur&#8220; bis 2006 vollst\u00e4ndig im FU-Bereich archiviert, das in der Digitalen Bibliothek vorhandene DVD-Archiv enthielt nur die Artikel von 1994 bis 2004. Doch die Universit\u00e4tsbibliothek ist dieser &hellip; <a href=\"https:\/\/blogs.fu-berlin.de\/bibliotheken\/2009\/12\/03\/suddeutsche-zeitung-ab-sofort-online\/\" class=\"more-link\"><span class=\"screen-reader-text\">\u201eS\u00fcddeutsche Zeitung ab sofort online\u201c<\/span> weiterlesen<\/a><\/p>\n","protected":false},"author":293,"featured_media":0,"comment_status":"open","ping_status":"open","sticky":false,"template":"","format":"standard","meta":{"footnotes":""},"categories":[457,603,584805],"tags":[1364,1363,520,709],"class_list":["post-3536","post","type-post","status-publish","format-standard","hentry","category-digitale-bibliothek","category-vorgestellt","category-was-ist-neu","tag-suddeutsche-zeitung","tag-tageszeitung","tag-volltexte","tag-zeitungsarchiv"],"_links":{"self":[{"href":"https:\/\/blogs.fu-berlin.de\/bibliotheken\/wp-json\/wp\/v2\/posts\/3536","targetHints":{"allow":["GET"]}}],"collection":[{"href":"https:\/\/blogs.fu-berlin.de\/bibliotheken\/wp-json\/wp\/v2\/posts"}],"about":[{"href":"https:\/\/blogs.fu-berlin.de\/bibliotheken\/wp-json\/wp\/v2\/types\/post"}],"author":[{"embeddable":true,"href":"https:\/\/blogs.fu-berlin.de\/bibliotheken\/wp-json\/wp\/v2\/users\/293"}],"replies":[{"embeddable":true,"href":"https:\/\/blogs.fu-berlin.de\/bibliotheken\/wp-json\/wp\/v2\/comments?post=3536"}],"version-history":[{"count":13,"href":"https:\/\/blogs.fu-berlin.de\/bibliotheken\/wp-json\/wp\/v2\/posts\/3536\/revisions"}],"predecessor-version":[{"id":3552,"href":"https:\/\/blogs.fu-berlin.de\/bibliotheken\/wp-json\/wp\/v2\/posts\/3536\/revisions\/3552"}],"wp:attachment":[{"href":"https:\/\/blogs.fu-berlin.de\/bibliotheken\/wp-json\/wp\/v2\/media?parent=3536"}],"wp:term":[{"taxonomy":"category","embeddable":true,"href":"https:\/\/blogs.fu-berlin.de\/bibliotheken\/wp-json\/wp\/v2\/categories?post=3536"},{"taxonomy":"post_tag","embeddable":true,"href":"https:\/\/blogs.fu-berlin.de\/bibliotheken\/wp-json\/wp\/v2\/tags?post=3536"}],"curies":[{"name":"wp","href":"https:\/\/api.w.org\/{rel}","templated":true}]}}