{"id":363,"date":"2009-04-01T07:59:29","date_gmt":"2009-04-01T06:59:29","guid":{"rendered":"https:\/\/blogs.fu-berlin.de\/bibliotheken\/?p=363"},"modified":"2009-04-01T13:39:17","modified_gmt":"2009-04-01T12:39:17","slug":"hurra-wir-bloggen-20","status":"publish","type":"post","link":"https:\/\/blogs.fu-berlin.de\/bibliotheken\/2009\/04\/01\/hurra-wir-bloggen-20\/","title":{"rendered":"Hurra &#8211; wir bloggen 2(.0)"},"content":{"rendered":"<p>&#8222;Biblioblog&#8220; &#8211; das Weblog der FU-Bibliotheken &#8211; geht heute, also am 1. April 2009 (Kein Scherz!), &#8222;offiziell&#8220; online (vgl. <a href=\"https:\/\/blogs.fu-berlin.de\/bibliotheken\/2009\/03\/13\/neu-die-ub-bloggt-2\/\">1. Posting vom 13. M\u00e4rz 2009<\/a>).<\/p>\n<p>Einige findige Blogger haben uns bereits vorher schon entdeckt, obwohl das Blog \u00fcberhaupt noch nicht ordentlich verlinkt  war. Respekt!!!  8)<br \/>\nUnd Dank f\u00fcr die guten W\u00fcnsche.<\/p>\n<p>Wir sind jetzt dabei, weitere Autor\/inn\/en &#8211; auch aus den Fachbibliotheken &#8211; anzuwerben und hoffen, dass das Blog viele Fans findet &#8230;<\/p>\n","protected":false},"excerpt":{"rendered":"<p>&#8222;Biblioblog&#8220; &#8211; das Weblog der FU-Bibliotheken &#8211; geht heute, also am 1. April 2009 (Kein Scherz!), &#8222;offiziell&#8220; online (vgl. 1. Posting vom 13. M\u00e4rz 2009). Einige findige Blogger haben uns bereits vorher schon entdeckt, obwohl das Blog \u00fcberhaupt noch nicht ordentlich verlinkt war. Respekt!!! 8) Und Dank f\u00fcr die guten W\u00fcnsche. Wir sind jetzt dabei, &hellip; <a href=\"https:\/\/blogs.fu-berlin.de\/bibliotheken\/2009\/04\/01\/hurra-wir-bloggen-20\/\" class=\"more-link\"><span class=\"screen-reader-text\">\u201eHurra &#8211; wir bloggen 2(.0)\u201c<\/span> weiterlesen<\/a><\/p>\n","protected":false},"author":265,"featured_media":0,"comment_status":"open","ping_status":"open","sticky":false,"template":"","format":"standard","meta":{"footnotes":""},"categories":[9,601],"tags":[447,236,74,535],"class_list":["post-363","post","type-post","status-publish","format-standard","hentry","category-allgemein","category-universitatsbibliothek","tag-bibliotheken","tag-blog","tag-freie-universitat-berlin","tag-weblog"],"_links":{"self":[{"href":"https:\/\/blogs.fu-berlin.de\/bibliotheken\/wp-json\/wp\/v2\/posts\/363","targetHints":{"allow":["GET"]}}],"collection":[{"href":"https:\/\/blogs.fu-berlin.de\/bibliotheken\/wp-json\/wp\/v2\/posts"}],"about":[{"href":"https:\/\/blogs.fu-berlin.de\/bibliotheken\/wp-json\/wp\/v2\/types\/post"}],"author":[{"embeddable":true,"href":"https:\/\/blogs.fu-berlin.de\/bibliotheken\/wp-json\/wp\/v2\/users\/265"}],"replies":[{"embeddable":true,"href":"https:\/\/blogs.fu-berlin.de\/bibliotheken\/wp-json\/wp\/v2\/comments?post=363"}],"version-history":[{"count":12,"href":"https:\/\/blogs.fu-berlin.de\/bibliotheken\/wp-json\/wp\/v2\/posts\/363\/revisions"}],"predecessor-version":[{"id":452,"href":"https:\/\/blogs.fu-berlin.de\/bibliotheken\/wp-json\/wp\/v2\/posts\/363\/revisions\/452"}],"wp:attachment":[{"href":"https:\/\/blogs.fu-berlin.de\/bibliotheken\/wp-json\/wp\/v2\/media?parent=363"}],"wp:term":[{"taxonomy":"category","embeddable":true,"href":"https:\/\/blogs.fu-berlin.de\/bibliotheken\/wp-json\/wp\/v2\/categories?post=363"},{"taxonomy":"post_tag","embeddable":true,"href":"https:\/\/blogs.fu-berlin.de\/bibliotheken\/wp-json\/wp\/v2\/tags?post=363"}],"curies":[{"name":"wp","href":"https:\/\/api.w.org\/{rel}","templated":true}]}}