{"id":3831,"date":"2010-01-05T14:54:25","date_gmt":"2010-01-05T13:54:25","guid":{"rendered":"https:\/\/blogs.fu-berlin.de\/bibliotheken\/?p=3831"},"modified":"2010-01-06T09:35:14","modified_gmt":"2010-01-06T08:35:14","slug":"die-bibliothek-im-jahr-2400","status":"publish","type":"post","link":"https:\/\/blogs.fu-berlin.de\/bibliotheken\/2010\/01\/05\/die-bibliothek-im-jahr-2400\/","title":{"rendered":"Die Bibliothek im Jahr 2400"},"content":{"rendered":"<p>Brauchen wir \u00fcberhaupt noch unser eigenes Ged\u00e4chtnis, wenn alles Wissen und alle \u00c4u\u00dferungen in einer gigantischen Bibliothek gespeichert sind? Und was passiert, wenn jemand diese Bibliothek zerst\u00f6ren will, damit die Menschen noch einmal von vorne anfangen k\u00f6nnen? Der Journalist, K\u00fcnstler und Schriftsteller Matthias Scheliga (geboren 1969 in Brandenburg) entwirft in seinem H\u00f6rspiel <a href=\"https:\/\/www.kulturradio.de\/programm\/schema\/beitraege\/2010\/januar\/amnesia.html\">&#8222;Amnesia&#8220;<\/a> ein solches Science-Fiction-Szenario. Zu h\u00f6ren am Freitag, den 8. Januar 2010, von 22:04 bis 23:00 im Kulturradio des rbb. <\/p>\n","protected":false},"excerpt":{"rendered":"<p>Brauchen wir \u00fcberhaupt noch unser eigenes Ged\u00e4chtnis, wenn alles Wissen und alle \u00c4u\u00dferungen in einer gigantischen Bibliothek gespeichert sind? Und was passiert, wenn jemand diese Bibliothek zerst\u00f6ren will, damit die Menschen noch einmal von vorne anfangen k\u00f6nnen? Der Journalist, K\u00fcnstler und Schriftsteller Matthias Scheliga (geboren 1969 in Brandenburg) entwirft in seinem H\u00f6rspiel &#8222;Amnesia&#8220; ein solches &hellip; <a href=\"https:\/\/blogs.fu-berlin.de\/bibliotheken\/2010\/01\/05\/die-bibliothek-im-jahr-2400\/\" class=\"more-link\"><span class=\"screen-reader-text\">\u201eDie Bibliothek im Jahr 2400\u201c<\/span> weiterlesen<\/a><\/p>\n","protected":false},"author":303,"featured_media":0,"comment_status":"open","ping_status":"open","sticky":false,"template":"","format":"standard","meta":{"footnotes":""},"categories":[70],"tags":[],"class_list":["post-3831","post","type-post","status-publish","format-standard","hentry","category-veranstaltungen"],"_links":{"self":[{"href":"https:\/\/blogs.fu-berlin.de\/bibliotheken\/wp-json\/wp\/v2\/posts\/3831","targetHints":{"allow":["GET"]}}],"collection":[{"href":"https:\/\/blogs.fu-berlin.de\/bibliotheken\/wp-json\/wp\/v2\/posts"}],"about":[{"href":"https:\/\/blogs.fu-berlin.de\/bibliotheken\/wp-json\/wp\/v2\/types\/post"}],"author":[{"embeddable":true,"href":"https:\/\/blogs.fu-berlin.de\/bibliotheken\/wp-json\/wp\/v2\/users\/303"}],"replies":[{"embeddable":true,"href":"https:\/\/blogs.fu-berlin.de\/bibliotheken\/wp-json\/wp\/v2\/comments?post=3831"}],"version-history":[{"count":4,"href":"https:\/\/blogs.fu-berlin.de\/bibliotheken\/wp-json\/wp\/v2\/posts\/3831\/revisions"}],"predecessor-version":[{"id":3839,"href":"https:\/\/blogs.fu-berlin.de\/bibliotheken\/wp-json\/wp\/v2\/posts\/3831\/revisions\/3839"}],"wp:attachment":[{"href":"https:\/\/blogs.fu-berlin.de\/bibliotheken\/wp-json\/wp\/v2\/media?parent=3831"}],"wp:term":[{"taxonomy":"category","embeddable":true,"href":"https:\/\/blogs.fu-berlin.de\/bibliotheken\/wp-json\/wp\/v2\/categories?post=3831"},{"taxonomy":"post_tag","embeddable":true,"href":"https:\/\/blogs.fu-berlin.de\/bibliotheken\/wp-json\/wp\/v2\/tags?post=3831"}],"curies":[{"name":"wp","href":"https:\/\/api.w.org\/{rel}","templated":true}]}}