{"id":3840,"date":"2010-01-07T12:32:57","date_gmt":"2010-01-07T11:32:57","guid":{"rendered":"https:\/\/blogs.fu-berlin.de\/bibliotheken\/?p=3840"},"modified":"2010-01-08T10:30:42","modified_gmt":"2010-01-08T09:30:42","slug":"neue-sachgruppe-fur-umwelt-und-naturschutz","status":"publish","type":"post","link":"https:\/\/blogs.fu-berlin.de\/bibliotheken\/2010\/01\/07\/neue-sachgruppe-fur-umwelt-und-naturschutz\/","title":{"rendered":"Neue Sachgruppe f\u00fcr Umwelt und Naturschutz"},"content":{"rendered":"<p>Bislang war die bedeutende Thematik &#8222;Umwelt&#8220; und &#8222;Naturschutz&#8220; &#8211; da es sich um eine Querschnittfragestellung handelt &#8211; nur unzureichend, bzw. nur \u00fcber mehrere Systematikstellen der Dewey Decimal Classification (DDC) in der Deutschen Nationalbibliografie nachvollziehbar. Dies wird sich 2010 mit der Einf\u00fchrung der eigens geschaffenen Systemstelle &#8222;333.7 Nat\u00fcrliche Ressourcen, Energie und Umwelt&#8220; \u00e4ndern. Durch die Vergabe der 333.7 als Nebensachgruppe k\u00f6nnen Quellen zu Themen des Umwelt- und Naturschutzes, die nach der DDC anderen Sachgruppen zugeordnet werden, zus\u00e4tzlich gekennzeichnet und damit zusammengef\u00fchrt werden.<\/p>\n<p>Wir haben auf diese erfreuliche Entwicklung mit der Einrichtung einer entsprechenden <a href=\"https:\/\/vs13.kobv.de\/V\/portal=FUBERLIN&amp;institute=FUBERLIN&amp;?func=find-db-1-category&amp;sequence=000012539&amp;mode=category&amp;restricted=all\">Systemstelle in der Digitalen Bibliothek der FU Berlin<\/a> reagiert. Auch in der Digitalen Bibliothek wird sich dieses Thema nun leichter erschlie\u00dfen lassen. Derzeit sind folgende E-Ressourcen in diese Sachgruppe eingestellt worden:<\/p>\n<ul>\n<li>GreenFILE<\/li>\n<li>GREENPILOT<\/li>\n<li>INIS Online Database<\/li>\n<li>Online Contents &#8211; SSG Umwelt<\/li>\n<li>Umwelt-Online<\/li>\n<\/ul>\n","protected":false},"excerpt":{"rendered":"<p>Bislang war die bedeutende Thematik &#8222;Umwelt&#8220; und &#8222;Naturschutz&#8220; &#8211; da es sich um eine Querschnittfragestellung handelt &#8211; nur unzureichend, bzw. nur \u00fcber mehrere Systematikstellen der Dewey Decimal Classification (DDC) in der Deutschen Nationalbibliografie nachvollziehbar. Dies wird sich 2010 mit der Einf\u00fchrung der eigens geschaffenen Systemstelle &#8222;333.7 Nat\u00fcrliche Ressourcen, Energie und Umwelt&#8220; \u00e4ndern. Durch die Vergabe &hellip; <a href=\"https:\/\/blogs.fu-berlin.de\/bibliotheken\/2010\/01\/07\/neue-sachgruppe-fur-umwelt-und-naturschutz\/\" class=\"more-link\"><span class=\"screen-reader-text\">\u201eNeue Sachgruppe f\u00fcr Umwelt und Naturschutz\u201c<\/span> weiterlesen<\/a><\/p>\n","protected":false},"author":267,"featured_media":0,"comment_status":"open","ping_status":"open","sticky":false,"template":"","format":"standard","meta":{"footnotes":""},"categories":[457,584805],"tags":[1449,1447,1448,1446,1444,1445],"class_list":["post-3840","post","type-post","status-publish","format-standard","hentry","category-digitale-bibliothek","category-was-ist-neu","tag-ddc","tag-deutsche-nationalbibliographie","tag-dewey-decimal-classification","tag-naturschutz","tag-umwelt","tag-umweltschutz"],"_links":{"self":[{"href":"https:\/\/blogs.fu-berlin.de\/bibliotheken\/wp-json\/wp\/v2\/posts\/3840","targetHints":{"allow":["GET"]}}],"collection":[{"href":"https:\/\/blogs.fu-berlin.de\/bibliotheken\/wp-json\/wp\/v2\/posts"}],"about":[{"href":"https:\/\/blogs.fu-berlin.de\/bibliotheken\/wp-json\/wp\/v2\/types\/post"}],"author":[{"embeddable":true,"href":"https:\/\/blogs.fu-berlin.de\/bibliotheken\/wp-json\/wp\/v2\/users\/267"}],"replies":[{"embeddable":true,"href":"https:\/\/blogs.fu-berlin.de\/bibliotheken\/wp-json\/wp\/v2\/comments?post=3840"}],"version-history":[{"count":9,"href":"https:\/\/blogs.fu-berlin.de\/bibliotheken\/wp-json\/wp\/v2\/posts\/3840\/revisions"}],"predecessor-version":[{"id":3893,"href":"https:\/\/blogs.fu-berlin.de\/bibliotheken\/wp-json\/wp\/v2\/posts\/3840\/revisions\/3893"}],"wp:attachment":[{"href":"https:\/\/blogs.fu-berlin.de\/bibliotheken\/wp-json\/wp\/v2\/media?parent=3840"}],"wp:term":[{"taxonomy":"category","embeddable":true,"href":"https:\/\/blogs.fu-berlin.de\/bibliotheken\/wp-json\/wp\/v2\/categories?post=3840"},{"taxonomy":"post_tag","embeddable":true,"href":"https:\/\/blogs.fu-berlin.de\/bibliotheken\/wp-json\/wp\/v2\/tags?post=3840"}],"curies":[{"name":"wp","href":"https:\/\/api.w.org\/{rel}","templated":true}]}}