{"id":3875,"date":"2010-01-12T18:43:14","date_gmt":"2010-01-12T17:43:14","guid":{"rendered":"https:\/\/blogs.fu-berlin.de\/bibliotheken\/?p=3875"},"modified":"2010-01-12T18:43:14","modified_gmt":"2010-01-12T17:43:14","slug":"buchtipp-die-bibliothek-bei-nacht","status":"publish","type":"post","link":"https:\/\/blogs.fu-berlin.de\/bibliotheken\/2010\/01\/12\/buchtipp-die-bibliothek-bei-nacht\/","title":{"rendered":"Buchtipp: Die Bibliothek bei Nacht"},"content":{"rendered":"<p>Jedes Buch, das Alberto Manguel in die Hand nimmt, erz\u00e4hlt von einer anderen Bibliothek, von verbotenen Archiven und geheimen Kammern und den gro\u00dfen Bibliotheken der Menschheit &#8211; von der untergegangenen Bibliothek in Alexandria genauso wie von der Bibliothek im Ghetto Theresienstadt. Das Buch ist eine Schatzkiste und nicht nur von Berufs wegen eine \u00fcberaus empfehlenswerte Lekt\u00fcre f\u00fcr Bibliothekare und B\u00fccherliebhaber.<\/p>\n<p>Manguel wurde 1948 in Buenos Aires geboren. Er wirkte unter anderem in Buenos Aires, Paris, London, Mailand und Toronto als Verlagslektor und Literaturdozent, \u00fcbersetzte zahlreiche B\u00fccher und ist Herausgeber von Anthologien und Kurzgeschichten. Er lebt vorwiegend in Toronto und Paris und ist seit 1988 kanadischer Staatsb\u00fcrger. F\u00fcr sein Buch &#8222;Eine Geschichte des Lesens&#8220; wurde er mit dem Prix Medicis ausgezeichnet.<\/p>\n<p><img loading=\"lazy\" decoding=\"async\" src=\"https:\/\/blogs.fu-berlin.de\/bibliotheken\/files\/2010\/01\/manguel.jpg\" alt=\"manguel\" width=\"240\" height=\"240\" align=\"right\" \/>Wer mehr \u00fcber die Person Alberto Manguels und seine eigene, circa 30.000 B\u00e4nde umfassende Bibliothek erfahren m\u00f6chte, der lese den <a href=\"https:\/\/www.zeit.de\/2009\/32\/Manguel?page=all\">Artikel von Ulrich Greiner in der Zeit vom 4.8.2009<\/a> oder nat\u00fcrlich die <a href=\"https:\/\/sf4.ub.fu-berlin.de\/F\/?func=item-global&amp;doc_library=FUB01&amp;doc_number=003146129&amp;year=&amp;volume=&amp;sub_library=\">&#8222;Bibliothek bei Nacht&#8220;<\/a>, ein Buch, das viel \u00fcber B\u00fccher und Bibliotheken erz\u00e4hlt, aber auch viel \u00fcber seinen Autor verr\u00e4t.<\/p>\n","protected":false},"excerpt":{"rendered":"<p>Jedes Buch, das Alberto Manguel in die Hand nimmt, erz\u00e4hlt von einer anderen Bibliothek, von verbotenen Archiven und geheimen Kammern und den gro\u00dfen Bibliotheken der Menschheit &#8211; von der untergegangenen Bibliothek in Alexandria genauso wie von der Bibliothek im Ghetto Theresienstadt. Das Buch ist eine Schatzkiste und nicht nur von Berufs wegen eine \u00fcberaus empfehlenswerte &hellip; <a href=\"https:\/\/blogs.fu-berlin.de\/bibliotheken\/2010\/01\/12\/buchtipp-die-bibliothek-bei-nacht\/\" class=\"more-link\"><span class=\"screen-reader-text\">\u201eBuchtipp: Die Bibliothek bei Nacht\u201c<\/span> weiterlesen<\/a><\/p>\n","protected":false},"author":265,"featured_media":0,"comment_status":"open","ping_status":"open","sticky":false,"template":"","format":"standard","meta":{"footnotes":""},"categories":[492],"tags":[1464,507,1466],"class_list":["post-3875","post","type-post","status-publish","format-standard","hentry","category-literaturtipps","tag-alberto-manguel","tag-buchtipp","tag-die-bibliothek-bei-nacht"],"_links":{"self":[{"href":"https:\/\/blogs.fu-berlin.de\/bibliotheken\/wp-json\/wp\/v2\/posts\/3875","targetHints":{"allow":["GET"]}}],"collection":[{"href":"https:\/\/blogs.fu-berlin.de\/bibliotheken\/wp-json\/wp\/v2\/posts"}],"about":[{"href":"https:\/\/blogs.fu-berlin.de\/bibliotheken\/wp-json\/wp\/v2\/types\/post"}],"author":[{"embeddable":true,"href":"https:\/\/blogs.fu-berlin.de\/bibliotheken\/wp-json\/wp\/v2\/users\/265"}],"replies":[{"embeddable":true,"href":"https:\/\/blogs.fu-berlin.de\/bibliotheken\/wp-json\/wp\/v2\/comments?post=3875"}],"version-history":[{"count":20,"href":"https:\/\/blogs.fu-berlin.de\/bibliotheken\/wp-json\/wp\/v2\/posts\/3875\/revisions"}],"predecessor-version":[{"id":3965,"href":"https:\/\/blogs.fu-berlin.de\/bibliotheken\/wp-json\/wp\/v2\/posts\/3875\/revisions\/3965"}],"wp:attachment":[{"href":"https:\/\/blogs.fu-berlin.de\/bibliotheken\/wp-json\/wp\/v2\/media?parent=3875"}],"wp:term":[{"taxonomy":"category","embeddable":true,"href":"https:\/\/blogs.fu-berlin.de\/bibliotheken\/wp-json\/wp\/v2\/categories?post=3875"},{"taxonomy":"post_tag","embeddable":true,"href":"https:\/\/blogs.fu-berlin.de\/bibliotheken\/wp-json\/wp\/v2\/tags?post=3875"}],"curies":[{"name":"wp","href":"https:\/\/api.w.org\/{rel}","templated":true}]}}