{"id":401,"date":"2009-04-01T10:16:27","date_gmt":"2009-04-01T09:16:27","guid":{"rendered":"https:\/\/blogs.fu-berlin.de\/bibliotheken\/?p=401"},"modified":"2009-04-07T09:27:16","modified_gmt":"2009-04-07T08:27:16","slug":"23-april-welttag-des-buches-2009","status":"publish","type":"post","link":"https:\/\/blogs.fu-berlin.de\/bibliotheken\/2009\/04\/01\/23-april-welttag-des-buches-2009\/","title":{"rendered":"23. April: Welttag des Buches 2009"},"content":{"rendered":"<blockquote><p><img loading=\"lazy\" decoding=\"async\" src=\"https:\/\/www.ub.fu-berlin.de\/image\/neue_homepage\/blog\/welttagdesbuches2009.jpg\" alt=\"\" width=\"256\" height=\"121\" align=\"right\" \/>1995 erkl\u00e4rte die UNESCO den 23. April zum \u201eWelttag des Buches\u201c, dem weltweiten Feiertag f\u00fcr das Lesen, f\u00fcr B\u00fccher und die Rechte der Autoren. Die UN-Organisation f\u00fcr Kultur und Bildung hat sich dabei von dem katalanischen Brauch inspirieren lassen, zum Namenstag des Volksheiligen St. Georg Rosen und B\u00fccher zu verschenken. \u00dcber diesen Brauch hinaus hat der 23. April auch aus einem weiteren Grund besondere Bedeutung: Er ist der Todestag von William Shakespeare und Miguel de Cervantes.<br \/>\n(Text + Logo: Webseite Welttag des Buches)<\/p><\/blockquote>\n<p>Auf der <a href=\"https:\/\/www.welttag-des-buches.de\/de\/135793\">Webseite zum Welttag<\/a> finden Sie auch einen Veranstaltungskalender mit Lesungen in diversen Buchhandlungen und mehr.<\/p>\n<p>Vielleicht am 23. April mal den Fernseher ausgeschaltet lassen und zur Feier des Tages einen Schm\u00f6ker schm\u00f6kern??<\/p>\n","protected":false},"excerpt":{"rendered":"<p>1995 erkl\u00e4rte die UNESCO den 23. April zum \u201eWelttag des Buches\u201c, dem weltweiten Feiertag f\u00fcr das Lesen, f\u00fcr B\u00fccher und die Rechte der Autoren. Die UN-Organisation f\u00fcr Kultur und Bildung hat sich dabei von dem katalanischen Brauch inspirieren lassen, zum Namenstag des Volksheiligen St. Georg Rosen und B\u00fccher zu verschenken. \u00dcber diesen Brauch hinaus hat &hellip; <a href=\"https:\/\/blogs.fu-berlin.de\/bibliotheken\/2009\/04\/01\/23-april-welttag-des-buches-2009\/\" class=\"more-link\"><span class=\"screen-reader-text\">\u201e23. April: Welttag des Buches 2009\u201c<\/span> weiterlesen<\/a><\/p>\n","protected":false},"author":265,"featured_media":0,"comment_status":"open","ping_status":"open","sticky":false,"template":"","format":"standard","meta":{"footnotes":""},"categories":[70],"tags":[642],"class_list":["post-401","post","type-post","status-publish","format-standard","hentry","category-veranstaltungen","tag-welttag-des-buches-2009"],"_links":{"self":[{"href":"https:\/\/blogs.fu-berlin.de\/bibliotheken\/wp-json\/wp\/v2\/posts\/401","targetHints":{"allow":["GET"]}}],"collection":[{"href":"https:\/\/blogs.fu-berlin.de\/bibliotheken\/wp-json\/wp\/v2\/posts"}],"about":[{"href":"https:\/\/blogs.fu-berlin.de\/bibliotheken\/wp-json\/wp\/v2\/types\/post"}],"author":[{"embeddable":true,"href":"https:\/\/blogs.fu-berlin.de\/bibliotheken\/wp-json\/wp\/v2\/users\/265"}],"replies":[{"embeddable":true,"href":"https:\/\/blogs.fu-berlin.de\/bibliotheken\/wp-json\/wp\/v2\/comments?post=401"}],"version-history":[{"count":12,"href":"https:\/\/blogs.fu-berlin.de\/bibliotheken\/wp-json\/wp\/v2\/posts\/401\/revisions"}],"predecessor-version":[{"id":520,"href":"https:\/\/blogs.fu-berlin.de\/bibliotheken\/wp-json\/wp\/v2\/posts\/401\/revisions\/520"}],"wp:attachment":[{"href":"https:\/\/blogs.fu-berlin.de\/bibliotheken\/wp-json\/wp\/v2\/media?parent=401"}],"wp:term":[{"taxonomy":"category","embeddable":true,"href":"https:\/\/blogs.fu-berlin.de\/bibliotheken\/wp-json\/wp\/v2\/categories?post=401"},{"taxonomy":"post_tag","embeddable":true,"href":"https:\/\/blogs.fu-berlin.de\/bibliotheken\/wp-json\/wp\/v2\/tags?post=401"}],"curies":[{"name":"wp","href":"https:\/\/api.w.org\/{rel}","templated":true}]}}