{"id":4091,"date":"2010-01-27T13:09:30","date_gmt":"2010-01-27T12:09:30","guid":{"rendered":"https:\/\/blogs.fu-berlin.de\/bibliotheken\/?p=4091"},"modified":"2010-01-27T13:11:10","modified_gmt":"2010-01-27T12:11:10","slug":"freud-wird-gemeinfrei","status":"publish","type":"post","link":"https:\/\/blogs.fu-berlin.de\/bibliotheken\/2010\/01\/27\/freud-wird-gemeinfrei\/","title":{"rendered":"Freud wird gemeinfrei"},"content":{"rendered":"<p> <img loading=\"lazy\" decoding=\"async\" src=\"https:\/\/blogs.fu-berlin.de\/bibliotheken\/files\/2010\/01\/DD01-2010-01-271-300x238.jpg\" width=\"300\" height=\"238\" align=\"right\" hspace=\"5\" vspace=\"5\" \/>Das bekannte Literaturportal <a href=\"https:\/\/gutenberg.spiegel.de\/\">&#8222;Projekt Gutenberg-DE&#8220;<\/a> informiert  aktuell dar\u00fcber, dass mit Jahresbeginn 2010 der Urheberschutz (70 Jahre nach dem Tode eines Autors oder einer Autorin) f\u00fcr die Werke des &#8222;\u00f6sterreichischen Nervernarztes&#8220;, Sigmund, eigentlich Sigismund Schlomo Freud, 1856-1939 (vgl. <a href=\"https:\/\/www.brockhaus-enzyklopaedie.de\/be21_article.php\">Brockhaus online<\/a>), abgelaufen ist.<\/p>\n<p>Das &#8222;Projekt Gutenberg-DE&#8220; hat daraufhin im Januar sogleich die Digitalisierung des Freudschen Gesamtwerks in Gang gesetzt und offenbar bereits abschlie\u00dfen k\u00f6nnen. Freuds Werke werden, verteilt auf Hauptwerke wie &#8222;Das Ich und das Es&#8220;, &#8222;Totem und Tabu&#8220;, &#8222;Das Unbehagen in der Kultur&#8220; und &#8222;Kleinere Schriften&#8220; als kostenpflichtige CD-ROM und kostenlos \u00fcber den Server von &#8222;Projekt Gutenberg-DE&#8220; online zur Verf\u00fcgung gestellt.<\/p>\n<p>Unter der Rubrik <a href=\"https:\/\/gutenberg.spiegel.de\/index.php?id=7\">&#8222;Neue Texte&#8220;<\/a> gew\u00e4hrt das Projekt einen Einblick in die jeweils 50 zuletzt digitalisierten Volltexte, wobei nat\u00fcrlich auch bei anderen AutorInnen der Weltliteratur ausgiebig Gebrauch gemacht wird vom abgelaufenen Schutz des Urheberrechts. Zu den AutorInnen, deren Werke  2010 gemeinfrei geworden sind, geh\u00f6ren neben Freud so illustre Schriftsteller wie Joseph Roth, William Butler Yeats und Ernst Toller.<\/p>\n<h6>Danke f\u00fcr das Bild an <a href=\"https:\/\/commons.wikimedia.org\/wiki\/File:Freud_Sofa.JPG\">WikiCommons<\/a>!<\/h6>\n","protected":false},"excerpt":{"rendered":"<p>Das bekannte Literaturportal &#8222;Projekt Gutenberg-DE&#8220; informiert aktuell dar\u00fcber, dass mit Jahresbeginn 2010 der Urheberschutz (70 Jahre nach dem Tode eines Autors oder einer Autorin) f\u00fcr die Werke des &#8222;\u00f6sterreichischen Nervernarztes&#8220;, Sigmund, eigentlich Sigismund Schlomo Freud, 1856-1939 (vgl. Brockhaus online), abgelaufen ist. Das &#8222;Projekt Gutenberg-DE&#8220; hat daraufhin im Januar sogleich die Digitalisierung des Freudschen Gesamtwerks in &hellip; <a href=\"https:\/\/blogs.fu-berlin.de\/bibliotheken\/2010\/01\/27\/freud-wird-gemeinfrei\/\" class=\"more-link\"><span class=\"screen-reader-text\">\u201eFreud wird gemeinfrei\u201c<\/span> weiterlesen<\/a><\/p>\n","protected":false},"author":267,"featured_media":0,"comment_status":"open","ping_status":"open","sticky":false,"template":"","format":"standard","meta":{"footnotes":""},"categories":[604],"tags":[1507,1506,127],"class_list":["post-4091","post","type-post","status-publish","format-standard","hentry","category-ins-netz-geschaut","tag-projekt-gutenberg","tag-sigmund-freud","tag-urheberrecht"],"_links":{"self":[{"href":"https:\/\/blogs.fu-berlin.de\/bibliotheken\/wp-json\/wp\/v2\/posts\/4091","targetHints":{"allow":["GET"]}}],"collection":[{"href":"https:\/\/blogs.fu-berlin.de\/bibliotheken\/wp-json\/wp\/v2\/posts"}],"about":[{"href":"https:\/\/blogs.fu-berlin.de\/bibliotheken\/wp-json\/wp\/v2\/types\/post"}],"author":[{"embeddable":true,"href":"https:\/\/blogs.fu-berlin.de\/bibliotheken\/wp-json\/wp\/v2\/users\/267"}],"replies":[{"embeddable":true,"href":"https:\/\/blogs.fu-berlin.de\/bibliotheken\/wp-json\/wp\/v2\/comments?post=4091"}],"version-history":[{"count":8,"href":"https:\/\/blogs.fu-berlin.de\/bibliotheken\/wp-json\/wp\/v2\/posts\/4091\/revisions"}],"predecessor-version":[{"id":4101,"href":"https:\/\/blogs.fu-berlin.de\/bibliotheken\/wp-json\/wp\/v2\/posts\/4091\/revisions\/4101"}],"wp:attachment":[{"href":"https:\/\/blogs.fu-berlin.de\/bibliotheken\/wp-json\/wp\/v2\/media?parent=4091"}],"wp:term":[{"taxonomy":"category","embeddable":true,"href":"https:\/\/blogs.fu-berlin.de\/bibliotheken\/wp-json\/wp\/v2\/categories?post=4091"},{"taxonomy":"post_tag","embeddable":true,"href":"https:\/\/blogs.fu-berlin.de\/bibliotheken\/wp-json\/wp\/v2\/tags?post=4091"}],"curies":[{"name":"wp","href":"https:\/\/api.w.org\/{rel}","templated":true}]}}