{"id":4110,"date":"2010-01-29T09:19:48","date_gmt":"2010-01-29T08:19:48","guid":{"rendered":"https:\/\/blogs.fu-berlin.de\/bibliotheken\/?p=4110"},"modified":"2010-01-29T09:28:36","modified_gmt":"2010-01-29T08:28:36","slug":"offnungszeitenrechtswissenschaft","status":"publish","type":"post","link":"https:\/\/blogs.fu-berlin.de\/bibliotheken\/2010\/01\/29\/offnungszeitenrechtswissenschaft\/","title":{"rendered":"Ab Februar erweiterte \u00d6ffnungszeiten in der Bibliothek Rechtswissenschaft"},"content":{"rendered":"<p>Ab Februar wird die <a title=\"\u00d6ffnungszeiten der Hauptbibliothek Rechtswissenschaft Van't-Hoff-Str. 8 und 6\" href=\"https:\/\/www.jura.fu-berlin.de\/bibliothek\/allgemein\/index.html#\u00d6ffnungszeiten\">Fachbibliothek Rechtswissenschaft vor\u00fcbergehend an den beiden Standorten Van&#8217;t-Hoff-Str. 8 (1. OG im Hauptgeb\u00e4ude des Fachbereichs Rechtswissenschaft) und Van&#8217;t-Hoff-Str. 6 (1. und 2. OG \u00fcber der kleinen Mensa)<\/a><strong> am Wochenende (Sa und So) erst um 19.00 Uhr <\/strong>schlie\u00dfen.<\/p>\n<p>Die \u00d6ffungszeiten in den <a title=\"\u00d6ffnungszeiten der Teilbibliotheken der Fachbibliothek Rechtswissenschaft\" href=\"https:\/\/www.jura.fu-berlin.de\/bibliothek\/allgemein\/index.html#\u00d6ffnungszeiten\">Teilbibliotheken Rechtssoziologie und R\u00f6mische Rechtsgeschichte<\/a> k\u00f6nnen vor\u00fcbergehend Mo\u00a0&#8211; Fr um eine Stunde bis 18.00 Uhr verl\u00e4ngert werden.<\/p>\n<p>Das Angebot planen wir zun\u00e4chst bis Ende Oktober 2010 aufrecht zu erhalten. Wir hoffen auf gute Erfahrungen.<\/p>\n","protected":false},"excerpt":{"rendered":"<p>Ab Februar wird die Fachbibliothek Rechtswissenschaft vor\u00fcbergehend an den beiden Standorten Van&#8217;t-Hoff-Str. 8 (1. OG im Hauptgeb\u00e4ude des Fachbereichs Rechtswissenschaft) und Van&#8217;t-Hoff-Str. 6 (1. und 2. OG \u00fcber der kleinen Mensa) am Wochenende (Sa und So) erst um 19.00 Uhr schlie\u00dfen. Die \u00d6ffungszeiten in den Teilbibliotheken Rechtssoziologie und R\u00f6mische Rechtsgeschichte k\u00f6nnen vor\u00fcbergehend Mo\u00a0&#8211; Fr um &hellip; <a href=\"https:\/\/blogs.fu-berlin.de\/bibliotheken\/2010\/01\/29\/offnungszeitenrechtswissenschaft\/\" class=\"more-link\"><span class=\"screen-reader-text\">\u201eAb Februar erweiterte \u00d6ffnungszeiten in der Bibliothek Rechtswissenschaft\u201c<\/span> weiterlesen<\/a><\/p>\n","protected":false},"author":79,"featured_media":0,"comment_status":"open","ping_status":"open","sticky":false,"template":"","format":"standard","meta":{"footnotes":""},"categories":[9],"tags":[],"class_list":["post-4110","post","type-post","status-publish","format-standard","hentry","category-allgemein"],"_links":{"self":[{"href":"https:\/\/blogs.fu-berlin.de\/bibliotheken\/wp-json\/wp\/v2\/posts\/4110","targetHints":{"allow":["GET"]}}],"collection":[{"href":"https:\/\/blogs.fu-berlin.de\/bibliotheken\/wp-json\/wp\/v2\/posts"}],"about":[{"href":"https:\/\/blogs.fu-berlin.de\/bibliotheken\/wp-json\/wp\/v2\/types\/post"}],"author":[{"embeddable":true,"href":"https:\/\/blogs.fu-berlin.de\/bibliotheken\/wp-json\/wp\/v2\/users\/79"}],"replies":[{"embeddable":true,"href":"https:\/\/blogs.fu-berlin.de\/bibliotheken\/wp-json\/wp\/v2\/comments?post=4110"}],"version-history":[{"count":6,"href":"https:\/\/blogs.fu-berlin.de\/bibliotheken\/wp-json\/wp\/v2\/posts\/4110\/revisions"}],"predecessor-version":[{"id":4114,"href":"https:\/\/blogs.fu-berlin.de\/bibliotheken\/wp-json\/wp\/v2\/posts\/4110\/revisions\/4114"}],"wp:attachment":[{"href":"https:\/\/blogs.fu-berlin.de\/bibliotheken\/wp-json\/wp\/v2\/media?parent=4110"}],"wp:term":[{"taxonomy":"category","embeddable":true,"href":"https:\/\/blogs.fu-berlin.de\/bibliotheken\/wp-json\/wp\/v2\/categories?post=4110"},{"taxonomy":"post_tag","embeddable":true,"href":"https:\/\/blogs.fu-berlin.de\/bibliotheken\/wp-json\/wp\/v2\/tags?post=4110"}],"curies":[{"name":"wp","href":"https:\/\/api.w.org\/{rel}","templated":true}]}}