{"id":4357,"date":"2010-03-02T13:27:30","date_gmt":"2010-03-02T12:27:30","guid":{"rendered":"https:\/\/blogs.fu-berlin.de\/bibliotheken\/?p=4357"},"modified":"2010-03-02T13:33:13","modified_gmt":"2010-03-02T12:33:13","slug":"link-des-monats-marz-2010-l-i-s-a","status":"publish","type":"post","link":"https:\/\/blogs.fu-berlin.de\/bibliotheken\/2010\/03\/02\/link-des-monats-marz-2010-l-i-s-a\/","title":{"rendered":"Link des Monats M\u00e4rz 2010: L.I.S.A."},"content":{"rendered":"<p>Gerade erst vorigen Dienstag online gegangen ist L.I.S.A., unser <a href=\"https:\/\/www.ub.fu-berlin.de\/service_neu\/linktipp\/1003.html\">Link des Monats M\u00e4rz<\/a>. Das nicht-kommerzielle Projekt der D\u00fcsseldorfer Gerda-Henkel-Stiftung m\u00f6chte eine Plattform f\u00fcr die historischen Geisteswissenschaften bieten, auf der man getreu dem Namen nach <strong>L<\/strong>esen, <strong>I<\/strong>nformieren, <strong>S<\/strong>chreiben und sich <strong>A<\/strong>ustauschen kann. Neben angehenden Wissenschaftlern ist auch der interessierte Laie willkommen. Professionell konzipierte, kurze Videobeitr\u00e4ge begleiten die Forscher bei ihren Projekten rund um den Globus.<\/p>\n","protected":false},"excerpt":{"rendered":"<p>Gerade erst vorigen Dienstag online gegangen ist L.I.S.A., unser Link des Monats M\u00e4rz. Das nicht-kommerzielle Projekt der D\u00fcsseldorfer Gerda-Henkel-Stiftung m\u00f6chte eine Plattform f\u00fcr die historischen Geisteswissenschaften bieten, auf der man getreu dem Namen nach Lesen, Informieren, Schreiben und sich Austauschen kann. Neben angehenden Wissenschaftlern ist auch der interessierte Laie willkommen. Professionell konzipierte, kurze Videobeitr\u00e4ge begleiten &hellip; <a href=\"https:\/\/blogs.fu-berlin.de\/bibliotheken\/2010\/03\/02\/link-des-monats-marz-2010-l-i-s-a\/\" class=\"more-link\"><span class=\"screen-reader-text\">\u201eLink des Monats M\u00e4rz 2010: L.I.S.A.\u201c<\/span> weiterlesen<\/a><\/p>\n","protected":false},"author":293,"featured_media":0,"comment_status":"open","ping_status":"open","sticky":false,"template":"","format":"standard","meta":{"footnotes":""},"categories":[604],"tags":[1550,996,1549,471,1551,537],"class_list":["post-4357","post","type-post","status-publish","format-standard","hentry","category-ins-netz-geschaut","tag-archaologie","tag-fachportal","tag-gerda-henkel-stiftung","tag-geschichte","tag-kulturwissenschaften","tag-link-des-monats"],"_links":{"self":[{"href":"https:\/\/blogs.fu-berlin.de\/bibliotheken\/wp-json\/wp\/v2\/posts\/4357","targetHints":{"allow":["GET"]}}],"collection":[{"href":"https:\/\/blogs.fu-berlin.de\/bibliotheken\/wp-json\/wp\/v2\/posts"}],"about":[{"href":"https:\/\/blogs.fu-berlin.de\/bibliotheken\/wp-json\/wp\/v2\/types\/post"}],"author":[{"embeddable":true,"href":"https:\/\/blogs.fu-berlin.de\/bibliotheken\/wp-json\/wp\/v2\/users\/293"}],"replies":[{"embeddable":true,"href":"https:\/\/blogs.fu-berlin.de\/bibliotheken\/wp-json\/wp\/v2\/comments?post=4357"}],"version-history":[{"count":7,"href":"https:\/\/blogs.fu-berlin.de\/bibliotheken\/wp-json\/wp\/v2\/posts\/4357\/revisions"}],"predecessor-version":[{"id":4375,"href":"https:\/\/blogs.fu-berlin.de\/bibliotheken\/wp-json\/wp\/v2\/posts\/4357\/revisions\/4375"}],"wp:attachment":[{"href":"https:\/\/blogs.fu-berlin.de\/bibliotheken\/wp-json\/wp\/v2\/media?parent=4357"}],"wp:term":[{"taxonomy":"category","embeddable":true,"href":"https:\/\/blogs.fu-berlin.de\/bibliotheken\/wp-json\/wp\/v2\/categories?post=4357"},{"taxonomy":"post_tag","embeddable":true,"href":"https:\/\/blogs.fu-berlin.de\/bibliotheken\/wp-json\/wp\/v2\/tags?post=4357"}],"curies":[{"name":"wp","href":"https:\/\/api.w.org\/{rel}","templated":true}]}}