{"id":4396,"date":"2010-03-04T13:59:29","date_gmt":"2010-03-04T12:59:29","guid":{"rendered":"https:\/\/blogs.fu-berlin.de\/bibliotheken\/?p=4396"},"modified":"2010-03-04T13:59:29","modified_gmt":"2010-03-04T12:59:29","slug":"ausstellung-in-der-ub-wolfgang-nieblich-bucherwelten","status":"publish","type":"post","link":"https:\/\/blogs.fu-berlin.de\/bibliotheken\/2010\/03\/04\/ausstellung-in-der-ub-wolfgang-nieblich-bucherwelten\/","title":{"rendered":"Ausstellung in der UB: Wolfgang Nieblich &#8211; B\u00fccherwelten"},"content":{"rendered":"<p><img decoding=\"async\" src=\"https:\/\/www.ub.fu-berlin.de\/image\/neue_homepage\/plakate\/nieblich_kl.jpg\" align=\"right\">Bevor der Bibliotheksbesucher in der Universit\u00e4tsbibliothek den gewohnten B\u00fccher- und Medienbestand erreicht, bietet sich ihm in den n\u00e4chsten Wochen ein v\u00f6llig anderes Bild: B\u00fccher wie auf Stiele aufgespie\u00dft, B\u00fccher als Grund, in den sich ein Wiegemesser eingr\u00e4bt, ins Bild gesetzte Begriffe wie Lesefieber und Buchweizen; gezeigt werden auch zu Collagen arrangierte Signaturschilder, Ex Libris und Buchbinderzeichen und die Rauminstallation &#8222;The Black Forrest oder der Medienwald&#8220;.<\/p>\n<p><a href=\"https:\/\/www.ub.fu-berlin.de\/service_neu\/ausstellung\/\">B\u00fccherwelten hei\u00dft die neue Ausstellung von Wolfgang Nieblich<\/a>, die vom 8. M\u00e4rz bis zum 29. April 2010 in der <a href=\"https:\/\/www.ub.fu-berlin.de\/bibliothek\/\">Universit\u00e4tsbibliothek<\/a> in der Garystr. 39 zu sehen ist. <\/p>\n<p>Einen kleinen Vorgeschmack bietet das <a href=\"https:\/\/www.ub.fu-berlin.de\/service_neu\/ausstellung\/archiv\/nieblich.pdf\">Begleitheft zur Ausstellung<\/a> (pdf-Datei).<\/p>\n<p>Interessierte sind ganz herzlich zur <strong>Ausstellungser\u00f6ffnung am 8. M\u00e4rz um 17 Uhr im Foyer<\/strong> der Universit\u00e4tsbibliothek eingeladen!<\/p>\n","protected":false},"excerpt":{"rendered":"<p>Bevor der Bibliotheksbesucher in der Universit\u00e4tsbibliothek den gewohnten B\u00fccher- und Medienbestand erreicht, bietet sich ihm in den n\u00e4chsten Wochen ein v\u00f6llig anderes Bild: B\u00fccher wie auf Stiele aufgespie\u00dft, B\u00fccher als Grund, in den sich ein Wiegemesser eingr\u00e4bt, ins Bild gesetzte Begriffe wie Lesefieber und Buchweizen; gezeigt werden auch zu Collagen arrangierte Signaturschilder, Ex Libris und &hellip; <a href=\"https:\/\/blogs.fu-berlin.de\/bibliotheken\/2010\/03\/04\/ausstellung-in-der-ub-wolfgang-nieblich-bucherwelten\/\" class=\"more-link\"><span class=\"screen-reader-text\">\u201eAusstellung in der UB: Wolfgang Nieblich &#8211; B\u00fccherwelten\u201c<\/span> weiterlesen<\/a><\/p>\n","protected":false},"author":265,"featured_media":0,"comment_status":"open","ping_status":"open","sticky":false,"template":"","format":"standard","meta":{"footnotes":""},"categories":[601,70],"tags":[581,1556,1555],"class_list":["post-4396","post","type-post","status-publish","format-standard","hentry","category-universitatsbibliothek","category-veranstaltungen","tag-ausstellung","tag-bucherwelten","tag-wolfgang-nieblich"],"_links":{"self":[{"href":"https:\/\/blogs.fu-berlin.de\/bibliotheken\/wp-json\/wp\/v2\/posts\/4396","targetHints":{"allow":["GET"]}}],"collection":[{"href":"https:\/\/blogs.fu-berlin.de\/bibliotheken\/wp-json\/wp\/v2\/posts"}],"about":[{"href":"https:\/\/blogs.fu-berlin.de\/bibliotheken\/wp-json\/wp\/v2\/types\/post"}],"author":[{"embeddable":true,"href":"https:\/\/blogs.fu-berlin.de\/bibliotheken\/wp-json\/wp\/v2\/users\/265"}],"replies":[{"embeddable":true,"href":"https:\/\/blogs.fu-berlin.de\/bibliotheken\/wp-json\/wp\/v2\/comments?post=4396"}],"version-history":[{"count":13,"href":"https:\/\/blogs.fu-berlin.de\/bibliotheken\/wp-json\/wp\/v2\/posts\/4396\/revisions"}],"predecessor-version":[{"id":4409,"href":"https:\/\/blogs.fu-berlin.de\/bibliotheken\/wp-json\/wp\/v2\/posts\/4396\/revisions\/4409"}],"wp:attachment":[{"href":"https:\/\/blogs.fu-berlin.de\/bibliotheken\/wp-json\/wp\/v2\/media?parent=4396"}],"wp:term":[{"taxonomy":"category","embeddable":true,"href":"https:\/\/blogs.fu-berlin.de\/bibliotheken\/wp-json\/wp\/v2\/categories?post=4396"},{"taxonomy":"post_tag","embeddable":true,"href":"https:\/\/blogs.fu-berlin.de\/bibliotheken\/wp-json\/wp\/v2\/tags?post=4396"}],"curies":[{"name":"wp","href":"https:\/\/api.w.org\/{rel}","templated":true}]}}