{"id":4469,"date":"2010-03-11T11:19:31","date_gmt":"2010-03-11T10:19:31","guid":{"rendered":"https:\/\/blogs.fu-berlin.de\/bibliotheken\/?p=4469"},"modified":"2010-03-11T11:33:07","modified_gmt":"2010-03-11T10:33:07","slug":"lit-cologne-in-koln-gestartet","status":"publish","type":"post","link":"https:\/\/blogs.fu-berlin.de\/bibliotheken\/2010\/03\/11\/lit-cologne-in-koln-gestartet\/","title":{"rendered":"lit.COLOGNE in K\u00f6ln gestartet"},"content":{"rendered":"<p><img decoding=\"async\" src=\"https:\/\/blogs.fu-berlin.de\/bibliotheken\/files\/2010\/03\/lit.jpg\" alt=\"\" align=\"right\" \/>Nachdem so manch filmaffiner K\u00f6lner im Februar neidisch <a href=\"https:\/\/blogs.fu-berlin.de\/bibliotheken\/2010\/02\/12\/ein-daumen-fur-fritz-lang\/\">auf Berlin blickte<\/a>, starrt nun der lesebegeisterte Hauptst\u00e4dter mit etwas Wehmut auf die Domstadt, die seit gestern zum Literaturfestival lit.COLOGNE einl\u00e4dt. Vor zehn Jahren in Privatinitiative gegr\u00fcndet, kommt die Veranstaltung ohne \u00f6ffentliche Subventionen aus und finanziert sich aus Eintritts- und Sponsorengeldern.<\/p>\n<p>Bis 20. M\u00e4rz stehen ca. 175 Veranstaltungen rund um B\u00fccher und Schriftsteller auf dem Programm mit so illustren G\u00e4sten wie Martin Walser, Henning Mankell oder Literaturnobelpreistr\u00e4gerin Herta M\u00fcller. Das hinterl\u00e4sst nat\u00fcrlich seine Spuren in den heutigen Feuilletons: die <a href=\"https:\/\/www.berlinonline.de\/berliner-zeitung\/archiv\/.bin\/dump.fcgi\/2010\/0311\/feuilleton\/0007\/index.html\">Berliner Zeitung<\/a> interviewt den chinesischen Festivalteilnehmer Ai Weiwei, <a href=\"https:\/\/www.zeit.de\/kultur\/literatur\/2010-03\/Litcologne-literatur-fest\">Die Zeit<\/a> blickt ebenfalls auf den regimekritischen Blogger. Die <a href=\"https:\/\/www.dw-world.de\/dw\/article\/0,,5339373,00.html\">Deutsche Welle<\/a> fragt sich, warum Menschen Literatur \u201elive\u201c erleben wollen, statt selber zu lesen. Weitere Informationen zur lit.COLOGNE finden sich auf <a href=\"https:\/\/litcolony.de\/\">litcolony.de<\/a> &#8211; nicht nur zum Festival einen Klick wert!<\/p>\n","protected":false},"excerpt":{"rendered":"<p>Nachdem so manch filmaffiner K\u00f6lner im Februar neidisch auf Berlin blickte, starrt nun der lesebegeisterte Hauptst\u00e4dter mit etwas Wehmut auf die Domstadt, die seit gestern zum Literaturfestival lit.COLOGNE einl\u00e4dt. Vor zehn Jahren in Privatinitiative gegr\u00fcndet, kommt die Veranstaltung ohne \u00f6ffentliche Subventionen aus und finanziert sich aus Eintritts- und Sponsorengeldern. Bis 20. M\u00e4rz stehen ca. 175 &hellip; <a href=\"https:\/\/blogs.fu-berlin.de\/bibliotheken\/2010\/03\/11\/lit-cologne-in-koln-gestartet\/\" class=\"more-link\"><span class=\"screen-reader-text\">\u201elit.COLOGNE in K\u00f6ln gestartet\u201c<\/span> weiterlesen<\/a><\/p>\n","protected":false},"author":293,"featured_media":0,"comment_status":"open","ping_status":"open","sticky":false,"template":"","format":"standard","meta":{"footnotes":""},"categories":[604,70],"tags":[1595,1043],"class_list":["post-4469","post","type-post","status-publish","format-standard","hentry","category-ins-netz-geschaut","category-veranstaltungen","tag-koln","tag-literaturfestival"],"_links":{"self":[{"href":"https:\/\/blogs.fu-berlin.de\/bibliotheken\/wp-json\/wp\/v2\/posts\/4469","targetHints":{"allow":["GET"]}}],"collection":[{"href":"https:\/\/blogs.fu-berlin.de\/bibliotheken\/wp-json\/wp\/v2\/posts"}],"about":[{"href":"https:\/\/blogs.fu-berlin.de\/bibliotheken\/wp-json\/wp\/v2\/types\/post"}],"author":[{"embeddable":true,"href":"https:\/\/blogs.fu-berlin.de\/bibliotheken\/wp-json\/wp\/v2\/users\/293"}],"replies":[{"embeddable":true,"href":"https:\/\/blogs.fu-berlin.de\/bibliotheken\/wp-json\/wp\/v2\/comments?post=4469"}],"version-history":[{"count":7,"href":"https:\/\/blogs.fu-berlin.de\/bibliotheken\/wp-json\/wp\/v2\/posts\/4469\/revisions"}],"predecessor-version":[{"id":4477,"href":"https:\/\/blogs.fu-berlin.de\/bibliotheken\/wp-json\/wp\/v2\/posts\/4469\/revisions\/4477"}],"wp:attachment":[{"href":"https:\/\/blogs.fu-berlin.de\/bibliotheken\/wp-json\/wp\/v2\/media?parent=4469"}],"wp:term":[{"taxonomy":"category","embeddable":true,"href":"https:\/\/blogs.fu-berlin.de\/bibliotheken\/wp-json\/wp\/v2\/categories?post=4469"},{"taxonomy":"post_tag","embeddable":true,"href":"https:\/\/blogs.fu-berlin.de\/bibliotheken\/wp-json\/wp\/v2\/tags?post=4469"}],"curies":[{"name":"wp","href":"https:\/\/api.w.org\/{rel}","templated":true}]}}