{"id":4499,"date":"2010-03-15T11:29:52","date_gmt":"2010-03-15T10:29:52","guid":{"rendered":"https:\/\/blogs.fu-berlin.de\/bibliotheken\/?p=4499"},"modified":"2010-03-15T11:29:52","modified_gmt":"2010-03-15T10:29:52","slug":"grimm-zentrum-nicht-barrierefrei","status":"publish","type":"post","link":"https:\/\/blogs.fu-berlin.de\/bibliotheken\/2010\/03\/15\/grimm-zentrum-nicht-barrierefrei\/","title":{"rendered":"Grimm-Zentrum nicht barrierefrei"},"content":{"rendered":"<p>Der <a href=\"https:\/\/www.tagesspiegel.de\/magazin\/wissen\/Humboldt-Uni-Barrierefreiheit;art304,3056920\">Tagesspiegel vom 15.3.2010<\/a> berichtet \u00fcber eklatante M\u00e4ngel bez\u00fcglich der Barrierefreiheit in der neuen HU-Zentralbibliothek: kein durchgehendes Blindenleitsystem, nur schlecht zug\u00e4ngliche Fahrst\u00fchle und zu wenig barrierefreie Arbeitspl\u00e4tze.<\/p>\n","protected":false},"excerpt":{"rendered":"<p>Der Tagesspiegel vom 15.3.2010 berichtet \u00fcber eklatante M\u00e4ngel bez\u00fcglich der Barrierefreiheit in der neuen HU-Zentralbibliothek: kein durchgehendes Blindenleitsystem, nur schlecht zug\u00e4ngliche Fahrst\u00fchle und zu wenig barrierefreie Arbeitspl\u00e4tze.<\/p>\n","protected":false},"author":265,"featured_media":0,"comment_status":"open","ping_status":"open","sticky":false,"template":"","format":"standard","meta":{"footnotes":""},"categories":[599],"tags":[1600,775],"class_list":["post-4499","post","type-post","status-publish","format-standard","hentry","category-bibliothekswesen","tag-barierrefreiheit","tag-jacob-und-wilhelm-grimm-zentrum"],"_links":{"self":[{"href":"https:\/\/blogs.fu-berlin.de\/bibliotheken\/wp-json\/wp\/v2\/posts\/4499","targetHints":{"allow":["GET"]}}],"collection":[{"href":"https:\/\/blogs.fu-berlin.de\/bibliotheken\/wp-json\/wp\/v2\/posts"}],"about":[{"href":"https:\/\/blogs.fu-berlin.de\/bibliotheken\/wp-json\/wp\/v2\/types\/post"}],"author":[{"embeddable":true,"href":"https:\/\/blogs.fu-berlin.de\/bibliotheken\/wp-json\/wp\/v2\/users\/265"}],"replies":[{"embeddable":true,"href":"https:\/\/blogs.fu-berlin.de\/bibliotheken\/wp-json\/wp\/v2\/comments?post=4499"}],"version-history":[{"count":4,"href":"https:\/\/blogs.fu-berlin.de\/bibliotheken\/wp-json\/wp\/v2\/posts\/4499\/revisions"}],"predecessor-version":[{"id":4503,"href":"https:\/\/blogs.fu-berlin.de\/bibliotheken\/wp-json\/wp\/v2\/posts\/4499\/revisions\/4503"}],"wp:attachment":[{"href":"https:\/\/blogs.fu-berlin.de\/bibliotheken\/wp-json\/wp\/v2\/media?parent=4499"}],"wp:term":[{"taxonomy":"category","embeddable":true,"href":"https:\/\/blogs.fu-berlin.de\/bibliotheken\/wp-json\/wp\/v2\/categories?post=4499"},{"taxonomy":"post_tag","embeddable":true,"href":"https:\/\/blogs.fu-berlin.de\/bibliotheken\/wp-json\/wp\/v2\/tags?post=4499"}],"curies":[{"name":"wp","href":"https:\/\/api.w.org\/{rel}","templated":true}]}}