{"id":4645,"date":"2010-03-26T17:05:43","date_gmt":"2010-03-26T16:05:43","guid":{"rendered":"https:\/\/blogs.fu-berlin.de\/bibliotheken\/?p=4645"},"modified":"2012-09-04T14:24:26","modified_gmt":"2012-09-04T13:24:26","slug":"publikumszeitschriften","status":"publish","type":"post","link":"https:\/\/blogs.fu-berlin.de\/bibliotheken\/2010\/03\/26\/publikumszeitschriften\/","title":{"rendered":"Publikumszeitschriften"},"content":{"rendered":"<p><img loading=\"lazy\" decoding=\"async\" src=\"https:\/\/www.ub.fu-berlin.de\/image\/neue_homepage\/blog\/brigitte.jpg\" alt=\"Cover Brigitte\" width=\"201\" height=\"250\" align=\"right\" \/>Von <a href=\"https:\/\/de.wikipedia.org\/wiki\/Brigitte_(Zeitschrift)\">Brigitte<\/a> \u00fcber <a href=\"https:\/\/de.wikipedia.org\/wiki\/Bravo_(Zeitschrift)\">Bravo<\/a> und <a href=\"https:\/\/de.wikipedia.org\/wiki\/Das_Neue_Blatt\">Das Neue Blatt<\/a> bis zum <a href=\"https:\/\/de.wikipedia.org\/wiki\/Stern_(Zeitschrift)\">Stern<\/a> &#8211; die <a href=\"https:\/\/www.polsoz.fu-berlin.de\/bibliothek\/index.html\">Sozialwissenschaftliche Bibliothek &amp; Bibliothek des Osteuropa-Instituts<\/a> verf\u00fcgt \u00fcber eine gro\u00dfe Sammlung von <a href=\"https:\/\/de.wikipedia.org\/wiki\/Publikumszeitschrift\">Publikumszeitschriften<\/a>, die jetzt aus der ehemaligen Bibliothek f\u00fcr Publizistik in Lankwitz nach Dahlem kommt.<\/p>\n<p><!--more--><!--more--><\/p>\n<p>Die laufend gehaltenen Publikumszeitschriften sind bereits in Dahlem eingetroffen. Interessenten melden sich bitte an der <a href=\"https:\/\/www.polsoz.fu-berlin.de\/bibliothek\/standorte\/ihne\/index.html\">Lesesaalaufsicht<\/a> in der Ihnestr. 21 und teilen dort mit, mit welchen B\u00e4nden oder Heften sie arbeiten m\u00f6chten. Die abgeschlossenen Best\u00e4nde der Publikumszeitschriften werden in den n\u00e4chsten Wochen folgen und k\u00f6nnen dann \u00fcber den Ausleihlink im <a href=\"https:\/\/opac.fu-berlin.de\">FU-Katalog<\/a> oder, wenn kein Ausleihlink vorhanden ist, mit einem Leihschein in den Lesesaal in der Ihnestr. 21 bestellt werden.<\/p>\n<p><img loading=\"lazy\" decoding=\"async\" src=\"https:\/\/www.ub.fu-berlin.de\/image\/neue_homepage\/blog\/stern.jpg\" alt=\"Cover Stern\" width=\"187\" height=\"250\" align=\"right\" \/><\/p>\n","protected":false},"excerpt":{"rendered":"<p>Von Brigitte \u00fcber Bravo und Das Neue Blatt bis zum Stern &#8211; die Sozialwissenschaftliche Bibliothek &amp; Bibliothek des Osteuropa-Instituts verf\u00fcgt \u00fcber eine gro\u00dfe Sammlung von Publikumszeitschriften, die jetzt aus der ehemaligen Bibliothek f\u00fcr Publizistik in Lankwitz nach Dahlem kommt.<\/p>\n","protected":false},"author":303,"featured_media":0,"comment_status":"open","ping_status":"open","sticky":false,"template":"","format":"standard","meta":{"footnotes":""},"categories":[9,600],"tags":[1626],"class_list":["post-4645","post","type-post","status-publish","format-standard","hentry","category-allgemein","category-fachbibliotheken","tag-illustrierte"],"_links":{"self":[{"href":"https:\/\/blogs.fu-berlin.de\/bibliotheken\/wp-json\/wp\/v2\/posts\/4645","targetHints":{"allow":["GET"]}}],"collection":[{"href":"https:\/\/blogs.fu-berlin.de\/bibliotheken\/wp-json\/wp\/v2\/posts"}],"about":[{"href":"https:\/\/blogs.fu-berlin.de\/bibliotheken\/wp-json\/wp\/v2\/types\/post"}],"author":[{"embeddable":true,"href":"https:\/\/blogs.fu-berlin.de\/bibliotheken\/wp-json\/wp\/v2\/users\/303"}],"replies":[{"embeddable":true,"href":"https:\/\/blogs.fu-berlin.de\/bibliotheken\/wp-json\/wp\/v2\/comments?post=4645"}],"version-history":[{"count":28,"href":"https:\/\/blogs.fu-berlin.de\/bibliotheken\/wp-json\/wp\/v2\/posts\/4645\/revisions"}],"predecessor-version":[{"id":4668,"href":"https:\/\/blogs.fu-berlin.de\/bibliotheken\/wp-json\/wp\/v2\/posts\/4645\/revisions\/4668"}],"wp:attachment":[{"href":"https:\/\/blogs.fu-berlin.de\/bibliotheken\/wp-json\/wp\/v2\/media?parent=4645"}],"wp:term":[{"taxonomy":"category","embeddable":true,"href":"https:\/\/blogs.fu-berlin.de\/bibliotheken\/wp-json\/wp\/v2\/categories?post=4645"},{"taxonomy":"post_tag","embeddable":true,"href":"https:\/\/blogs.fu-berlin.de\/bibliotheken\/wp-json\/wp\/v2\/tags?post=4645"}],"curies":[{"name":"wp","href":"https:\/\/api.w.org\/{rel}","templated":true}]}}