{"id":4695,"date":"2010-04-01T11:55:28","date_gmt":"2010-04-01T10:55:28","guid":{"rendered":"https:\/\/blogs.fu-berlin.de\/bibliotheken\/?p=4695"},"modified":"2010-04-07T13:33:13","modified_gmt":"2010-04-07T12:33:13","slug":"link-des-monats-april-2010-sonnentaler","status":"publish","type":"post","link":"https:\/\/blogs.fu-berlin.de\/bibliotheken\/2010\/04\/01\/link-des-monats-april-2010-sonnentaler\/","title":{"rendered":"Link des Monats April 2010: Sonnentaler"},"content":{"rendered":"<p><img loading=\"lazy\" decoding=\"async\" src=\"https:\/\/www.ub.fu-berlin.de\/image\/neue_homepage\/linktipp\/sonnentaler_logo.gif\" width=\"250\" height=\"36\" align=\"right\"><a href=\"https:\/\/www.ub.fu-berlin.de\/service_neu\/linktipp\/1004.html\">Sonnentaler <\/a>ist die deutsche Internetplattform von <a href=\"https:\/\/lamap.inrp.fr\/\">La main \u00e0 la p\u00e2te<\/a> und soll \u2013 wie das Original aus Frankreich \u2013 Erzieherinnen und Erziehern oder Grundschulp\u00e4dagogen zur Seite stehen, um in Kindergarten und Grundschule naturwissenschaftliche Aktivit\u00e4ten zu f\u00f6rdern.<\/p>\n<p>Die Internetplattformen von La main \u00e0 la p\u00e2te und Sonnentaler bieten Unterrichtsmaterialien zu einer gro\u00dfen Anzahl naturwissenschaftlicher Themen (sortiert nach Altergruppen, vom Kindergarten bis zur 6. Klasse).<\/p>\n<p>Und es wird nat\u00fcrlich auch das <a href=\"https:\/\/www.sonnentaler.net\/info\/was_sind_sonnentaler.html\">Geheimis um die Sonnentaler<\/a> gel\u00fcftet.<\/p>\n","protected":false},"excerpt":{"rendered":"<p>Sonnentaler ist die deutsche Internetplattform von La main \u00e0 la p\u00e2te und soll \u2013 wie das Original aus Frankreich \u2013 Erzieherinnen und Erziehern oder Grundschulp\u00e4dagogen zur Seite stehen, um in Kindergarten und Grundschule naturwissenschaftliche Aktivit\u00e4ten zu f\u00f6rdern. Die Internetplattformen von La main \u00e0 la p\u00e2te und Sonnentaler bieten Unterrichtsmaterialien zu einer gro\u00dfen Anzahl naturwissenschaftlicher Themen &hellip; <a href=\"https:\/\/blogs.fu-berlin.de\/bibliotheken\/2010\/04\/01\/link-des-monats-april-2010-sonnentaler\/\" class=\"more-link\"><span class=\"screen-reader-text\">\u201eLink des Monats April 2010: Sonnentaler\u201c<\/span> weiterlesen<\/a><\/p>\n","protected":false},"author":265,"featured_media":0,"comment_status":"open","ping_status":"open","sticky":false,"template":"","format":"standard","meta":{"footnotes":""},"categories":[604],"tags":[1636,537,1635],"class_list":["post-4695","post","type-post","status-publish","format-standard","hentry","category-ins-netz-geschaut","tag-grundschlpadagogik","tag-link-des-monats","tag-sonnentaler"],"_links":{"self":[{"href":"https:\/\/blogs.fu-berlin.de\/bibliotheken\/wp-json\/wp\/v2\/posts\/4695","targetHints":{"allow":["GET"]}}],"collection":[{"href":"https:\/\/blogs.fu-berlin.de\/bibliotheken\/wp-json\/wp\/v2\/posts"}],"about":[{"href":"https:\/\/blogs.fu-berlin.de\/bibliotheken\/wp-json\/wp\/v2\/types\/post"}],"author":[{"embeddable":true,"href":"https:\/\/blogs.fu-berlin.de\/bibliotheken\/wp-json\/wp\/v2\/users\/265"}],"replies":[{"embeddable":true,"href":"https:\/\/blogs.fu-berlin.de\/bibliotheken\/wp-json\/wp\/v2\/comments?post=4695"}],"version-history":[{"count":9,"href":"https:\/\/blogs.fu-berlin.de\/bibliotheken\/wp-json\/wp\/v2\/posts\/4695\/revisions"}],"predecessor-version":[{"id":4730,"href":"https:\/\/blogs.fu-berlin.de\/bibliotheken\/wp-json\/wp\/v2\/posts\/4695\/revisions\/4730"}],"wp:attachment":[{"href":"https:\/\/blogs.fu-berlin.de\/bibliotheken\/wp-json\/wp\/v2\/media?parent=4695"}],"wp:term":[{"taxonomy":"category","embeddable":true,"href":"https:\/\/blogs.fu-berlin.de\/bibliotheken\/wp-json\/wp\/v2\/categories?post=4695"},{"taxonomy":"post_tag","embeddable":true,"href":"https:\/\/blogs.fu-berlin.de\/bibliotheken\/wp-json\/wp\/v2\/tags?post=4695"}],"curies":[{"name":"wp","href":"https:\/\/api.w.org\/{rel}","templated":true}]}}