{"id":4715,"date":"2010-04-07T10:56:14","date_gmt":"2010-04-07T09:56:14","guid":{"rendered":"https:\/\/blogs.fu-berlin.de\/bibliotheken\/?p=4715"},"modified":"2010-04-07T14:11:56","modified_gmt":"2010-04-07T13:11:56","slug":"neuauflage-der-encyclopaedia-of-islam","status":"publish","type":"post","link":"https:\/\/blogs.fu-berlin.de\/bibliotheken\/2010\/04\/07\/neuauflage-der-encyclopaedia-of-islam\/","title":{"rendered":"Neuauflage der &#8222;Encyclopaedia of Islam&#8220;"},"content":{"rendered":"<p><img decoding=\"async\" src=\"https:\/\/upload.wikimedia.org\/wikipedia\/commons\/thumb\/f\/f1\/Bengali_Sunni_Jameh_Mosque%2C_Yangon.jpg\/120px-Bengali_Sunni_Jameh_Mosque%2C_Yangon.jpg\" alt=\"\" align=\"right\" \/>Circa 45 Jahre hat es gedauert, bis die <a href=\"https:\/\/vs13.kobv.de\/V\/portal=FUBERLIN&amp;institute=FUBERLIN&amp;?func=find-db-1-locate&amp;mode=locate&amp;F-WRD=&amp;F-WCL=ei&amp;F-WFL=&amp;F-WTY=&amp;restricted=unrestricted\">zweite Auflage<\/a> der Encyclopaedia of Islam komplettiert wurde. Nun planen deren Redakteure mit \u201eEI3\u201c  eine <a href=\"https:\/\/vs13.kobv.de\/V\/portal=FUBERLIN&amp;institute=FUBERLIN&amp;?func=find-db-1-locate&amp;mode=locate&amp;F-WRD=&amp;F-WCL=ei3&amp;F-WFL=&amp;F-WTY=&amp;restricted=unrestricted\">3., v\u00f6llig neu bearbeiteten Ausgabe<\/a> des Standard-Nachschlagewerks zum Islam. FU-Angeh\u00f6rige haben ab sofort kostenfreien Zugriff auf die Online-Datenbank und k\u00f6nnen quasi &#8222;live&#8220; der Enzyklop\u00e4die beim Wachsen zusehen.<\/p>\n<p>Ein Schwerpunkt soll auf dem 20. Jahrhundert (ausgenommen sind jedoch Artikel zu zeitgen\u00f6ssischen Personen), Regionen wie S\u00fcd- S\u00fcdostasien, Subsahara-Afrika sowie weiteren Gro\u00dfr\u00e4umen weltweit liegen. Ebenfalls sollen geistes- und sozialwissenschaftliche Aspekte n\u00e4her in den Fokus r\u00fccken.<\/p>\n<p>Um ein breiteres Publikum anzusprechen, werden die Artikel verst\u00e4rkt unter dem englischsprachigen Lemma geordnet werden &#8211; entsprechende Querverweise von den arabischsprachigen Stichw\u00f6rtern sollen ein einfaches Auffinden erm\u00f6glichen. Im Gegensatz zur zweiten Auflage richten sich die Redakteure nicht mehr strikt an eine alphabetische Abarbeitung der Themen.<\/p>\n<p>Die Arbeiten an der 3. Auflage begannen im Fr\u00fchjahr 2007 und sollen innerhalb von 15 Jahren abgeschlossen sein.<\/p>\n<p>Abbildung: Moschee in Myanmar. Laut dem Enzyklop\u00e4die-Stichwort <a href=\"https:\/\/www.brillonline.nl\/subscriber\/uid=1865\/entry?entry=ei3_COM-23317\">\u201eMuslims in Burma (Myanmar)\u201c<\/a> praktizieren weniger als vier Prozent der 38 Mio. Einwohner in dem s\u00fcdostasiatischen Land den Islam.<\/p>\n<h6>Danke f\u00fcr das Bild an <a href=\"https:\/\/commons.wikimedia.org\/wiki\/File:Bengali_Sunni_Jameh_Mosque,_Yangon.jpg\">WikiCommons<\/a>!<\/h6>\n","protected":false},"excerpt":{"rendered":"<p>Circa 45 Jahre hat es gedauert, bis die zweite Auflage der Encyclopaedia of Islam komplettiert wurde. Nun planen deren Redakteure mit \u201eEI3\u201c eine 3., v\u00f6llig neu bearbeiteten Ausgabe des Standard-Nachschlagewerks zum Islam. FU-Angeh\u00f6rige haben ab sofort kostenfreien Zugriff auf die Online-Datenbank und k\u00f6nnen quasi &#8222;live&#8220; der Enzyklop\u00e4die beim Wachsen zusehen. Ein Schwerpunkt soll auf dem &hellip; <a href=\"https:\/\/blogs.fu-berlin.de\/bibliotheken\/2010\/04\/07\/neuauflage-der-encyclopaedia-of-islam\/\" class=\"more-link\"><span class=\"screen-reader-text\">\u201eNeuauflage der &#8222;Encyclopaedia of Islam&#8220;\u201c<\/span> weiterlesen<\/a><\/p>\n","protected":false},"author":293,"featured_media":0,"comment_status":"open","ping_status":"open","sticky":false,"template":"","format":"standard","meta":{"footnotes":""},"categories":[457,584805],"tags":[1642,564,1426,1066,1543],"class_list":["post-4715","post","type-post","status-publish","format-standard","hentry","category-digitale-bibliothek","category-was-ist-neu","tag-brill","tag-datenbank","tag-enzyklopadie","tag-islam","tag-nachschlagewerk"],"_links":{"self":[{"href":"https:\/\/blogs.fu-berlin.de\/bibliotheken\/wp-json\/wp\/v2\/posts\/4715","targetHints":{"allow":["GET"]}}],"collection":[{"href":"https:\/\/blogs.fu-berlin.de\/bibliotheken\/wp-json\/wp\/v2\/posts"}],"about":[{"href":"https:\/\/blogs.fu-berlin.de\/bibliotheken\/wp-json\/wp\/v2\/types\/post"}],"author":[{"embeddable":true,"href":"https:\/\/blogs.fu-berlin.de\/bibliotheken\/wp-json\/wp\/v2\/users\/293"}],"replies":[{"embeddable":true,"href":"https:\/\/blogs.fu-berlin.de\/bibliotheken\/wp-json\/wp\/v2\/comments?post=4715"}],"version-history":[{"count":6,"href":"https:\/\/blogs.fu-berlin.de\/bibliotheken\/wp-json\/wp\/v2\/posts\/4715\/revisions"}],"predecessor-version":[{"id":4748,"href":"https:\/\/blogs.fu-berlin.de\/bibliotheken\/wp-json\/wp\/v2\/posts\/4715\/revisions\/4748"}],"wp:attachment":[{"href":"https:\/\/blogs.fu-berlin.de\/bibliotheken\/wp-json\/wp\/v2\/media?parent=4715"}],"wp:term":[{"taxonomy":"category","embeddable":true,"href":"https:\/\/blogs.fu-berlin.de\/bibliotheken\/wp-json\/wp\/v2\/categories?post=4715"},{"taxonomy":"post_tag","embeddable":true,"href":"https:\/\/blogs.fu-berlin.de\/bibliotheken\/wp-json\/wp\/v2\/tags?post=4715"}],"curies":[{"name":"wp","href":"https:\/\/api.w.org\/{rel}","templated":true}]}}