{"id":4721,"date":"2010-04-07T13:02:57","date_gmt":"2010-04-07T12:02:57","guid":{"rendered":"https:\/\/blogs.fu-berlin.de\/bibliotheken\/?p=4721"},"modified":"2010-04-07T13:17:22","modified_gmt":"2010-04-07T12:17:22","slug":"menschen-als-lekture","status":"publish","type":"post","link":"https:\/\/blogs.fu-berlin.de\/bibliotheken\/2010\/04\/07\/menschen-als-lekture\/","title":{"rendered":"Menschen als &#8222;Lekt\u00fcre&#8220;"},"content":{"rendered":"<p class=\"MsoNormal\">Die <a href=\"https:\/\/www.dw-world.de\/dw\/article\/0,,5436094,00.html?maca=de-twitter_dw_german-4327-xml-mrss\">Deutsche Welle<\/a> berichtet in einem Beitrag \u00fcber eine \u201eLebendige Bibliothek\u201c in der T\u00fcrkei, die sich gegen Stereotypie, \u00c4ngste und Vorurteile wendet. Gesehen im <a href=\"https:\/\/log.netbib.de\/archives\/2010\/04\/07\/eine-lebendige-bibliothek\/\">netbib weblog<\/a>, wo auch \u00fcber \u00e4hnliche Konzepte im deutschsprachigen Raum hingewiesen wird. Ende August 2009 hatte bereits <a href=\"https:\/\/www.spiegel.de\/kultur\/gesellschaft\/0,1518,645877,00.html\">Spiegel Online<\/a> \u00fcber die d\u00e4nische Initiative &#8222;Living Library&#8220; berichtet. Hier konnten sich Sch\u00fcler u. a. Muslime, Polizisten oder eine ehemalige Stripperin als &#8222;lebendige B\u00fccher&#8220; ausleihen.<\/p>\n","protected":false},"excerpt":{"rendered":"<p>Die Deutsche Welle berichtet in einem Beitrag \u00fcber eine \u201eLebendige Bibliothek\u201c in der T\u00fcrkei, die sich gegen Stereotypie, \u00c4ngste und Vorurteile wendet. Gesehen im netbib weblog, wo auch \u00fcber \u00e4hnliche Konzepte im deutschsprachigen Raum hingewiesen wird. Ende August 2009 hatte bereits Spiegel Online \u00fcber die d\u00e4nische Initiative &#8222;Living Library&#8220; berichtet. Hier konnten sich Sch\u00fcler u. &hellip; <a href=\"https:\/\/blogs.fu-berlin.de\/bibliotheken\/2010\/04\/07\/menschen-als-lekture\/\" class=\"more-link\"><span class=\"screen-reader-text\">\u201eMenschen als &#8222;Lekt\u00fcre&#8220;\u201c<\/span> weiterlesen<\/a><\/p>\n","protected":false},"author":293,"featured_media":0,"comment_status":"open","ping_status":"open","sticky":false,"template":"","format":"standard","meta":{"footnotes":""},"categories":[604],"tags":[1644,1643,1645,917,918,774],"class_list":["post-4721","post","type-post","status-publish","format-standard","hentry","category-ins-netz-geschaut","tag-danemark","tag-lebendige-bibliothek","tag-living-library","tag-osterreich","tag-schweiz","tag-turkei"],"_links":{"self":[{"href":"https:\/\/blogs.fu-berlin.de\/bibliotheken\/wp-json\/wp\/v2\/posts\/4721","targetHints":{"allow":["GET"]}}],"collection":[{"href":"https:\/\/blogs.fu-berlin.de\/bibliotheken\/wp-json\/wp\/v2\/posts"}],"about":[{"href":"https:\/\/blogs.fu-berlin.de\/bibliotheken\/wp-json\/wp\/v2\/types\/post"}],"author":[{"embeddable":true,"href":"https:\/\/blogs.fu-berlin.de\/bibliotheken\/wp-json\/wp\/v2\/users\/293"}],"replies":[{"embeddable":true,"href":"https:\/\/blogs.fu-berlin.de\/bibliotheken\/wp-json\/wp\/v2\/comments?post=4721"}],"version-history":[{"count":7,"href":"https:\/\/blogs.fu-berlin.de\/bibliotheken\/wp-json\/wp\/v2\/posts\/4721\/revisions"}],"predecessor-version":[{"id":4725,"href":"https:\/\/blogs.fu-berlin.de\/bibliotheken\/wp-json\/wp\/v2\/posts\/4721\/revisions\/4725"}],"wp:attachment":[{"href":"https:\/\/blogs.fu-berlin.de\/bibliotheken\/wp-json\/wp\/v2\/media?parent=4721"}],"wp:term":[{"taxonomy":"category","embeddable":true,"href":"https:\/\/blogs.fu-berlin.de\/bibliotheken\/wp-json\/wp\/v2\/categories?post=4721"},{"taxonomy":"post_tag","embeddable":true,"href":"https:\/\/blogs.fu-berlin.de\/bibliotheken\/wp-json\/wp\/v2\/tags?post=4721"}],"curies":[{"name":"wp","href":"https:\/\/api.w.org\/{rel}","templated":true}]}}