{"id":4750,"date":"2010-04-08T10:07:32","date_gmt":"2010-04-08T09:07:32","guid":{"rendered":"https:\/\/blogs.fu-berlin.de\/bibliotheken\/?p=4750"},"modified":"2010-04-08T10:28:36","modified_gmt":"2010-04-08T09:28:36","slug":"rockgitarrist-als-bibliothekar","status":"publish","type":"post","link":"https:\/\/blogs.fu-berlin.de\/bibliotheken\/2010\/04\/08\/rockgitarrist-als-bibliothekar\/","title":{"rendered":"Rockgitarrist als Bibliothekar?"},"content":{"rendered":"<p><img decoding=\"async\" src=\"https:\/\/upload.wikimedia.org\/wikipedia\/commons\/thumb\/e\/eb\/KeithR2.JPG\/180px-KeithR2.JPG\" alt=\"\" align=\"right\" \/>Wer h\u00e4tte gedacht, dass in Keith Richards ein kleiner Bibliothekar schlummert? Der Rockgitarrist und die zweite tragende S\u00e4ule der Rolling Stones er\u00f6ffnete vor ein paar Tagen in einem <a href=\"https:\/\/entertainment.timesonline.co.uk\/tol\/arts_and_entertainment\/music\/article7086815.ece\">Interview mit der britischen Sunday Times<\/a>, dass er seine B\u00fccher pflichtbewusst nach der <a href=\"https:\/\/de.wikipedia.org\/wiki\/Dewey-Dezimalklassifikation\">Dewey-Dezimalklassifikation (DDC)<\/a> ordnet. Richards hat angeblich auch schon dar\u00fcber nachgedacht, ein \u201eprofessionelles Training\u201c zu absolvieren, um seinen gro\u00dfen Buchbestand noch besser verwalten zu k\u00f6nnen &#8230;<\/p>\n<p>Mehr \u00fcber den bibliophilen Rockmusiker wird in dessen Autobiografie zu lesen sein, die f\u00fcr kommenden Herbst erwartet wird.<\/p>\n<h6>Danke f\u00fcr das Bild an <a href=\"https:\/\/commons.wikimedia.org\/wiki\/File:KeithR2.JPG?uselang=de\">WikiCommons<\/a>!<\/h6>\n","protected":false},"excerpt":{"rendered":"<p>Wer h\u00e4tte gedacht, dass in Keith Richards ein kleiner Bibliothekar schlummert? Der Rockgitarrist und die zweite tragende S\u00e4ule der Rolling Stones er\u00f6ffnete vor ein paar Tagen in einem Interview mit der britischen Sunday Times, dass er seine B\u00fccher pflichtbewusst nach der Dewey-Dezimalklassifikation (DDC) ordnet. Richards hat angeblich auch schon dar\u00fcber nachgedacht, ein \u201eprofessionelles Training\u201c zu &hellip; <a href=\"https:\/\/blogs.fu-berlin.de\/bibliotheken\/2010\/04\/08\/rockgitarrist-als-bibliothekar\/\" class=\"more-link\"><span class=\"screen-reader-text\">\u201eRockgitarrist als Bibliothekar?\u201c<\/span> weiterlesen<\/a><\/p>\n","protected":false},"author":293,"featured_media":0,"comment_status":"open","ping_status":"open","sticky":false,"template":"","format":"standard","meta":{"footnotes":""},"categories":[604],"tags":[992,1448,1648],"class_list":["post-4750","post","type-post","status-publish","format-standard","hentry","category-ins-netz-geschaut","tag-bibliophilie","tag-dewey-decimal-classification","tag-keith-richards"],"_links":{"self":[{"href":"https:\/\/blogs.fu-berlin.de\/bibliotheken\/wp-json\/wp\/v2\/posts\/4750","targetHints":{"allow":["GET"]}}],"collection":[{"href":"https:\/\/blogs.fu-berlin.de\/bibliotheken\/wp-json\/wp\/v2\/posts"}],"about":[{"href":"https:\/\/blogs.fu-berlin.de\/bibliotheken\/wp-json\/wp\/v2\/types\/post"}],"author":[{"embeddable":true,"href":"https:\/\/blogs.fu-berlin.de\/bibliotheken\/wp-json\/wp\/v2\/users\/293"}],"replies":[{"embeddable":true,"href":"https:\/\/blogs.fu-berlin.de\/bibliotheken\/wp-json\/wp\/v2\/comments?post=4750"}],"version-history":[{"count":7,"href":"https:\/\/blogs.fu-berlin.de\/bibliotheken\/wp-json\/wp\/v2\/posts\/4750\/revisions"}],"predecessor-version":[{"id":4753,"href":"https:\/\/blogs.fu-berlin.de\/bibliotheken\/wp-json\/wp\/v2\/posts\/4750\/revisions\/4753"}],"wp:attachment":[{"href":"https:\/\/blogs.fu-berlin.de\/bibliotheken\/wp-json\/wp\/v2\/media?parent=4750"}],"wp:term":[{"taxonomy":"category","embeddable":true,"href":"https:\/\/blogs.fu-berlin.de\/bibliotheken\/wp-json\/wp\/v2\/categories?post=4750"},{"taxonomy":"post_tag","embeddable":true,"href":"https:\/\/blogs.fu-berlin.de\/bibliotheken\/wp-json\/wp\/v2\/tags?post=4750"}],"curies":[{"name":"wp","href":"https:\/\/api.w.org\/{rel}","templated":true}]}}