{"id":4834,"date":"2010-04-14T13:13:05","date_gmt":"2010-04-14T12:13:05","guid":{"rendered":"https:\/\/blogs.fu-berlin.de\/bibliotheken\/?p=4834"},"modified":"2010-04-14T14:23:37","modified_gmt":"2010-04-14T13:23:37","slug":"republica-in-berlin-eroffnet","status":"publish","type":"post","link":"https:\/\/blogs.fu-berlin.de\/bibliotheken\/2010\/04\/14\/republica-in-berlin-eroffnet\/","title":{"rendered":"&#8222;re:publica&#8220; in Berlin er\u00f6ffnet"},"content":{"rendered":"<p class=\"MsoNormal\">Nach 2007 er\u00f6ffnet ab heute die vierte <a href=\"https:\/\/re-publica.de\/10\/\">re:publica<\/a> ihre Tore in Berlin. Die Konferenz rund um das Thema Web 2.0 steht unter dem Motto \u201enow<strong>here<\/strong>\u201c und pr\u00e4sentiert \u00fcber 160 Veranstaltungen zum Echtzeit-Web. Alle Vortr\u00e4ge sollen als Videostream live ins Netz \u00fcbertragen werden. Wer sich lieber pers\u00f6nlich unter die rund 2500 erwarteten Besucher aus 30 L\u00e4ndern mischen m\u00f6chte, der hat bis zum 16. April im Berliner Friedrichstadtpalast oder in der Kalkscheune Gelegenheit dazu.<\/p>\n<p>Nat\u00fcrlich bleibt auch bei den Hauptstadtzeitungen die Veranstaltung nicht unbemerkt. Der Tagesspiegel widmet der Konferenz unter dem Titel <a href=\"https:\/\/www.tagesspiegel.de\/medien-news\/republica-2010-Blogger-Konferenz-Berlin-re-publica;art15532,3082996\">\u201e<\/a><span class=\"ssl0\"><a href=\"https:\/\/www.tagesspiegel.de\/medien-news\/republica-2010-Blogger-Konferenz-Berlin-re-publica;art15532,3082996\">Blogger suchen ihren Platz in der Medienlandschaft\u201c<\/a> ein Portr\u00e4t und diskutiert die <a href=\"https:\/\/www.tagesspiegel.de\/kultur\/Re-publica-Blog;art772,3084114\">Zukunft des geistigen Eigentums im Online-Zeitalter<\/a>, die Berliner Morgenpost hat einige Blogger <a href=\"https:\/\/www.wiso-net.de\/webcgi?START=A60&amp;DOKV_DB=BMP&amp;DOKV_NO=70009279&amp;DOKV_HS=0&amp;PP=1\"> getroffen<\/a> (via wiso praxis). Die S\u00fcddeutsche Zeitung hat ein <a href=\"https:\/\/www.sueddeutsche.de\/computer\/387\/508531\/text\/\">Interview<\/a> mit dem Berliner Netz-Aktivisten Markus Beckedahl ver\u00f6ffentlicht, Mitbegr\u00fcnder der re:publica.<\/span><\/p>\n","protected":false},"excerpt":{"rendered":"<p>Nach 2007 er\u00f6ffnet ab heute die vierte re:publica ihre Tore in Berlin. Die Konferenz rund um das Thema Web 2.0 steht unter dem Motto \u201enowhere\u201c und pr\u00e4sentiert \u00fcber 160 Veranstaltungen zum Echtzeit-Web. Alle Vortr\u00e4ge sollen als Videostream live ins Netz \u00fcbertragen werden. Wer sich lieber pers\u00f6nlich unter die rund 2500 erwarteten Besucher aus 30 L\u00e4ndern &hellip; <a href=\"https:\/\/blogs.fu-berlin.de\/bibliotheken\/2010\/04\/14\/republica-in-berlin-eroffnet\/\" class=\"more-link\"><span class=\"screen-reader-text\">\u201e&#8222;re:publica&#8220; in Berlin er\u00f6ffnet\u201c<\/span> weiterlesen<\/a><\/p>\n","protected":false},"author":293,"featured_media":0,"comment_status":"open","ping_status":"open","sticky":false,"template":"","format":"standard","meta":{"footnotes":""},"categories":[604,70],"tags":[79,1418,1669,93],"class_list":["post-4834","post","type-post","status-publish","format-standard","hentry","category-ins-netz-geschaut","category-veranstaltungen","tag-berlin","tag-konferenz","tag-republica-2010","tag-web-20"],"_links":{"self":[{"href":"https:\/\/blogs.fu-berlin.de\/bibliotheken\/wp-json\/wp\/v2\/posts\/4834","targetHints":{"allow":["GET"]}}],"collection":[{"href":"https:\/\/blogs.fu-berlin.de\/bibliotheken\/wp-json\/wp\/v2\/posts"}],"about":[{"href":"https:\/\/blogs.fu-berlin.de\/bibliotheken\/wp-json\/wp\/v2\/types\/post"}],"author":[{"embeddable":true,"href":"https:\/\/blogs.fu-berlin.de\/bibliotheken\/wp-json\/wp\/v2\/users\/293"}],"replies":[{"embeddable":true,"href":"https:\/\/blogs.fu-berlin.de\/bibliotheken\/wp-json\/wp\/v2\/comments?post=4834"}],"version-history":[{"count":4,"href":"https:\/\/blogs.fu-berlin.de\/bibliotheken\/wp-json\/wp\/v2\/posts\/4834\/revisions"}],"predecessor-version":[{"id":4838,"href":"https:\/\/blogs.fu-berlin.de\/bibliotheken\/wp-json\/wp\/v2\/posts\/4834\/revisions\/4838"}],"wp:attachment":[{"href":"https:\/\/blogs.fu-berlin.de\/bibliotheken\/wp-json\/wp\/v2\/media?parent=4834"}],"wp:term":[{"taxonomy":"category","embeddable":true,"href":"https:\/\/blogs.fu-berlin.de\/bibliotheken\/wp-json\/wp\/v2\/categories?post=4834"},{"taxonomy":"post_tag","embeddable":true,"href":"https:\/\/blogs.fu-berlin.de\/bibliotheken\/wp-json\/wp\/v2\/tags?post=4834"}],"curies":[{"name":"wp","href":"https:\/\/api.w.org\/{rel}","templated":true}]}}