{"id":4843,"date":"2010-04-15T11:00:32","date_gmt":"2010-04-15T10:00:32","guid":{"rendered":"https:\/\/blogs.fu-berlin.de\/bibliotheken\/?p=4843"},"modified":"2010-04-15T11:13:36","modified_gmt":"2010-04-15T10:13:36","slug":"fachportal-sciseek-nicht-mehr-in-digitalen-bibliothek-verlinkt","status":"publish","type":"post","link":"https:\/\/blogs.fu-berlin.de\/bibliotheken\/2010\/04\/15\/fachportal-sciseek-nicht-mehr-in-digitalen-bibliothek-verlinkt\/","title":{"rendered":"Fachportal &#8222;SciSeek&#8220; nicht mehr in der Digitalen Bibliothek verlinkt"},"content":{"rendered":"<p>Leider mussten wir bei einer aktuellen Begutachtung der genannten Ressource unter <a href=\"https:\/\/www.sciseek.com\/\">https:\/\/www.sciseek.com\/<\/a> feststellen, dass sich das einstige Fachportal f\u00fcr sozial- und naturwissenschaftliche Internetquellen sehr unvorteilhaft entwickelt hat. Zu zahlreichen Unterkategorien werden \u00fcberhaupt keine Quellen mehr aufgelistet! Insgesamt scheint das Angebot sich inzwischen st\u00e4rker kommerziell und weniger an wissenschaftlichen Inhalten auszurichten &#8211; schade!<\/p>\n<p>U.a. \u00fcber <a href=\"https:\/\/www.vascoda.de\/\">&#8222;vascoda&#8220;<\/a>, das DFG-gef\u00f6rderte Dachportal f\u00fcr Fachinformation im Internet, finden interessierte Studierende und Wissenschaftler Zugang zu hochwertigen Fachinformationsportalen und Einzelquellen.<\/p>\n","protected":false},"excerpt":{"rendered":"<p>Leider mussten wir bei einer aktuellen Begutachtung der genannten Ressource unter https:\/\/www.sciseek.com\/ feststellen, dass sich das einstige Fachportal f\u00fcr sozial- und naturwissenschaftliche Internetquellen sehr unvorteilhaft entwickelt hat. Zu zahlreichen Unterkategorien werden \u00fcberhaupt keine Quellen mehr aufgelistet! Insgesamt scheint das Angebot sich inzwischen st\u00e4rker kommerziell und weniger an wissenschaftlichen Inhalten auszurichten &#8211; schade! U.a. \u00fcber &#8222;vascoda&#8220;, &hellip; <a href=\"https:\/\/blogs.fu-berlin.de\/bibliotheken\/2010\/04\/15\/fachportal-sciseek-nicht-mehr-in-digitalen-bibliothek-verlinkt\/\" class=\"more-link\"><span class=\"screen-reader-text\">\u201eFachportal &#8222;SciSeek&#8220; nicht mehr in der Digitalen Bibliothek verlinkt\u201c<\/span> weiterlesen<\/a><\/p>\n","protected":false},"author":267,"featured_media":0,"comment_status":"open","ping_status":"open","sticky":false,"template":"","format":"standard","meta":{"footnotes":""},"categories":[457,584805],"tags":[995,1677,1676],"class_list":["post-4843","post","type-post","status-publish","format-standard","hentry","category-digitale-bibliothek","category-was-ist-neu","tag-fachinformation","tag-fachinformationsportal","tag-sciseek"],"_links":{"self":[{"href":"https:\/\/blogs.fu-berlin.de\/bibliotheken\/wp-json\/wp\/v2\/posts\/4843","targetHints":{"allow":["GET"]}}],"collection":[{"href":"https:\/\/blogs.fu-berlin.de\/bibliotheken\/wp-json\/wp\/v2\/posts"}],"about":[{"href":"https:\/\/blogs.fu-berlin.de\/bibliotheken\/wp-json\/wp\/v2\/types\/post"}],"author":[{"embeddable":true,"href":"https:\/\/blogs.fu-berlin.de\/bibliotheken\/wp-json\/wp\/v2\/users\/267"}],"replies":[{"embeddable":true,"href":"https:\/\/blogs.fu-berlin.de\/bibliotheken\/wp-json\/wp\/v2\/comments?post=4843"}],"version-history":[{"count":5,"href":"https:\/\/blogs.fu-berlin.de\/bibliotheken\/wp-json\/wp\/v2\/posts\/4843\/revisions"}],"predecessor-version":[{"id":4848,"href":"https:\/\/blogs.fu-berlin.de\/bibliotheken\/wp-json\/wp\/v2\/posts\/4843\/revisions\/4848"}],"wp:attachment":[{"href":"https:\/\/blogs.fu-berlin.de\/bibliotheken\/wp-json\/wp\/v2\/media?parent=4843"}],"wp:term":[{"taxonomy":"category","embeddable":true,"href":"https:\/\/blogs.fu-berlin.de\/bibliotheken\/wp-json\/wp\/v2\/categories?post=4843"},{"taxonomy":"post_tag","embeddable":true,"href":"https:\/\/blogs.fu-berlin.de\/bibliotheken\/wp-json\/wp\/v2\/tags?post=4843"}],"curies":[{"name":"wp","href":"https:\/\/api.w.org\/{rel}","templated":true}]}}