{"id":4906,"date":"2010-04-22T17:25:33","date_gmt":"2010-04-22T16:25:33","guid":{"rendered":"https:\/\/blogs.fu-berlin.de\/bibliotheken\/?p=4906"},"modified":"2010-04-23T12:52:49","modified_gmt":"2010-04-23T11:52:49","slug":"23-april-welttag-des-buches","status":"publish","type":"post","link":"https:\/\/blogs.fu-berlin.de\/bibliotheken\/2010\/04\/22\/23-april-welttag-des-buches\/","title":{"rendered":"23. April: Welttag des Buches"},"content":{"rendered":"<p><img decoding=\"async\" src=\"https:\/\/upload.wikimedia.org\/wikipedia\/commons\/thumb\/8\/80\/Printing1_Walk_of_Ideas_Berlin.JPG\/90px-Printing1_Walk_of_Ideas_Berlin.JPG\" alt=\"\" align=\"right\" \/>Am Freitag wird zum 15. Mal der &#8222;Welttag des Buches&#8220; begangen (\u00fcbrigens gemeinsam mit dem &#8222;Tag des deutschen Bieres&#8220;). Die Auswahl des Tages kommt nicht von ungef\u00e4hr \u2013 in Katalonien wird seit jeher der Namenstag des Volksheiligen Sant Jordi (Heiliger Georg) damit begangen, dass B\u00fccher und Rosen verschenkt werden. Gleichzeitig ist der 23. April der Todestag von solch bekannten Autoren wie William Shakespeare und Miguel de Cervantes.<\/p>\n<p>Seit 1996 wird auch in Deutschland der weltweite Feiertag f\u00fcr das Lesen, f\u00fcr B\u00fccher und die Rechte der Autoren zelebriert. Dies geht einher mit breit angelegten Publikumsaktionen f\u00fcr gro\u00df und klein. Auch Berlin ist dieses Jahr wieder mit dabei. Der Katalanische Salon macht vor dem Kulturkaufhaus Dussmann auf \u00dcbersetzungen katalanischer Autoren aufmerksam und verschenkt Rosen (ab 12 Uhr). Die B\u00fcchergilde Buchhandlung am Wittenbergplatz organisiert ab 16 Uhr eine Lesung von Kinderreportern. Um 19 Uhr stellt Bestsellerautor Horst Bosetzky in der <a href=\"https:\/\/www.berlin.de\/ba-lichtenberg\/buergerservice\/bildung\/bibliothek001.html\">Stadtbibliothek Berlin-Lichtenberg<\/a> seinen neuen Berlin-Krimi &#8222;B\u00fccherwahn&#8220; vor. Ganzt\u00e4gig widmet sich die Buchhandlung Berlin Story (Unter den Linden 26) Aktionen und Gewinnspielen rund um Berlin und B\u00fccher.<\/p>\n<p>Weitere Tipps zum Welttag des Buches bietet ein <a href=\"https:\/\/www.welttag-des-buches.de\/de\/135926?stadt=Berlin\">Veranstaltungskalender<\/a> unter <a href=\"https:\/\/www.welttag-des-buches.de\/\">www.welttag-des-buches.de<\/a>.<\/p>\n<p>PS: nach Beirut tr\u00e4gt die slowenische Hauptstadt Ljubljana in den n\u00e4chsten zw\u00f6lf Monaten \u00fcbrigens den Titel &#8222;Welthauptstadt des Buches&#8220;. (gesehen bei <a href=\"https:\/\/bibliothekarisch.de\/blog\/2010\/04\/23\/aus\/\">bibliothekarisch.de<\/a>)<\/p>\n<h6>Danke f\u00fcr das Bild an <a href=\"https:\/\/commons.wikimedia.org\/wiki\/File:Printing1_Walk_of_Ideas_Berlin.JPG?uselang=de\">WikiCommons<\/a>!<\/h6>\n","protected":false},"excerpt":{"rendered":"<p>Am Freitag wird zum 15. Mal der &#8222;Welttag des Buches&#8220; begangen (\u00fcbrigens gemeinsam mit dem &#8222;Tag des deutschen Bieres&#8220;). Die Auswahl des Tages kommt nicht von ungef\u00e4hr \u2013 in Katalonien wird seit jeher der Namenstag des Volksheiligen Sant Jordi (Heiliger Georg) damit begangen, dass B\u00fccher und Rosen verschenkt werden. Gleichzeitig ist der 23. April der &hellip; <a href=\"https:\/\/blogs.fu-berlin.de\/bibliotheken\/2010\/04\/22\/23-april-welttag-des-buches\/\" class=\"more-link\"><span class=\"screen-reader-text\">\u201e23. April: Welttag des Buches\u201c<\/span> weiterlesen<\/a><\/p>\n","protected":false},"author":293,"featured_media":0,"comment_status":"open","ping_status":"open","sticky":false,"template":"","format":"standard","meta":{"footnotes":""},"categories":[604,70],"tags":[1708],"class_list":["post-4906","post","type-post","status-publish","format-standard","hentry","category-ins-netz-geschaut","category-veranstaltungen","tag-welttag-des-buches-2010"],"_links":{"self":[{"href":"https:\/\/blogs.fu-berlin.de\/bibliotheken\/wp-json\/wp\/v2\/posts\/4906","targetHints":{"allow":["GET"]}}],"collection":[{"href":"https:\/\/blogs.fu-berlin.de\/bibliotheken\/wp-json\/wp\/v2\/posts"}],"about":[{"href":"https:\/\/blogs.fu-berlin.de\/bibliotheken\/wp-json\/wp\/v2\/types\/post"}],"author":[{"embeddable":true,"href":"https:\/\/blogs.fu-berlin.de\/bibliotheken\/wp-json\/wp\/v2\/users\/293"}],"replies":[{"embeddable":true,"href":"https:\/\/blogs.fu-berlin.de\/bibliotheken\/wp-json\/wp\/v2\/comments?post=4906"}],"version-history":[{"count":8,"href":"https:\/\/blogs.fu-berlin.de\/bibliotheken\/wp-json\/wp\/v2\/posts\/4906\/revisions"}],"predecessor-version":[{"id":4921,"href":"https:\/\/blogs.fu-berlin.de\/bibliotheken\/wp-json\/wp\/v2\/posts\/4906\/revisions\/4921"}],"wp:attachment":[{"href":"https:\/\/blogs.fu-berlin.de\/bibliotheken\/wp-json\/wp\/v2\/media?parent=4906"}],"wp:term":[{"taxonomy":"category","embeddable":true,"href":"https:\/\/blogs.fu-berlin.de\/bibliotheken\/wp-json\/wp\/v2\/categories?post=4906"},{"taxonomy":"post_tag","embeddable":true,"href":"https:\/\/blogs.fu-berlin.de\/bibliotheken\/wp-json\/wp\/v2\/tags?post=4906"}],"curies":[{"name":"wp","href":"https:\/\/api.w.org\/{rel}","templated":true}]}}