{"id":4990,"date":"2010-05-03T15:48:43","date_gmt":"2010-05-03T14:48:43","guid":{"rendered":"https:\/\/blogs.fu-berlin.de\/bibliotheken\/?p=4990"},"modified":"2010-05-03T15:48:43","modified_gmt":"2010-05-03T14:48:43","slug":"link-des-monats-mai-2010-datenbank-entartete-kunst","status":"publish","type":"post","link":"https:\/\/blogs.fu-berlin.de\/bibliotheken\/2010\/05\/03\/link-des-monats-mai-2010-datenbank-entartete-kunst\/","title":{"rendered":"Link des Monats Mai 2010: Datenbank &#8222;Entartete Kunst&#8220;"},"content":{"rendered":"<p>In minuti\u00f6ser Kleinarbeit rekonstruieren Wissenschaftler der Freien Universit\u00e4t Berlin seit Ende 2002 die Beschlagnahme sogenannter &#8222;Entarteter Kunst&#8220; durch die Nazis und verfolgen den Weg der Gem\u00e4lde, Plastiken und Druckgraphiken von den drei\u00dfiger Jahren bis heute. Die Ergebnisse werden in der kostenfrei zug\u00e4nglichen <a href=\"https:\/\/www.ub.fu-berlin.de\/service_neu\/linktipp\/1005.html\">Datenbank &#8222;Entartete Kunst&#8220;<\/a> pr\u00e4sentiert.<\/p>\n","protected":false},"excerpt":{"rendered":"<p>In minuti\u00f6ser Kleinarbeit rekonstruieren Wissenschaftler der Freien Universit\u00e4t Berlin seit Ende 2002 die Beschlagnahme sogenannter &#8222;Entarteter Kunst&#8220; durch die Nazis und verfolgen den Weg der Gem\u00e4lde, Plastiken und Druckgraphiken von den drei\u00dfiger Jahren bis heute. Die Ergebnisse werden in der kostenfrei zug\u00e4nglichen Datenbank &#8222;Entartete Kunst&#8220; pr\u00e4sentiert.<\/p>\n","protected":false},"author":265,"featured_media":0,"comment_status":"open","ping_status":"open","sticky":false,"template":"","format":"standard","meta":{"footnotes":""},"categories":[604],"tags":[564,1269,537],"class_list":["post-4990","post","type-post","status-publish","format-standard","hentry","category-ins-netz-geschaut","tag-datenbank","tag-kunst","tag-link-des-monats"],"_links":{"self":[{"href":"https:\/\/blogs.fu-berlin.de\/bibliotheken\/wp-json\/wp\/v2\/posts\/4990","targetHints":{"allow":["GET"]}}],"collection":[{"href":"https:\/\/blogs.fu-berlin.de\/bibliotheken\/wp-json\/wp\/v2\/posts"}],"about":[{"href":"https:\/\/blogs.fu-berlin.de\/bibliotheken\/wp-json\/wp\/v2\/types\/post"}],"author":[{"embeddable":true,"href":"https:\/\/blogs.fu-berlin.de\/bibliotheken\/wp-json\/wp\/v2\/users\/265"}],"replies":[{"embeddable":true,"href":"https:\/\/blogs.fu-berlin.de\/bibliotheken\/wp-json\/wp\/v2\/comments?post=4990"}],"version-history":[{"count":3,"href":"https:\/\/blogs.fu-berlin.de\/bibliotheken\/wp-json\/wp\/v2\/posts\/4990\/revisions"}],"predecessor-version":[{"id":4993,"href":"https:\/\/blogs.fu-berlin.de\/bibliotheken\/wp-json\/wp\/v2\/posts\/4990\/revisions\/4993"}],"wp:attachment":[{"href":"https:\/\/blogs.fu-berlin.de\/bibliotheken\/wp-json\/wp\/v2\/media?parent=4990"}],"wp:term":[{"taxonomy":"category","embeddable":true,"href":"https:\/\/blogs.fu-berlin.de\/bibliotheken\/wp-json\/wp\/v2\/categories?post=4990"},{"taxonomy":"post_tag","embeddable":true,"href":"https:\/\/blogs.fu-berlin.de\/bibliotheken\/wp-json\/wp\/v2\/tags?post=4990"}],"curies":[{"name":"wp","href":"https:\/\/api.w.org\/{rel}","templated":true}]}}