{"id":5017,"date":"2010-05-07T10:37:10","date_gmt":"2010-05-07T09:37:10","guid":{"rendered":"https:\/\/blogs.fu-berlin.de\/bibliotheken\/?p=5017"},"modified":"2010-05-07T10:37:10","modified_gmt":"2010-05-07T09:37:10","slug":"ausstellung-visionen-vom-weltende","status":"publish","type":"post","link":"https:\/\/blogs.fu-berlin.de\/bibliotheken\/2010\/05\/07\/ausstellung-visionen-vom-weltende\/","title":{"rendered":"Ausstellung: Visionen vom Weltende"},"content":{"rendered":"<p>Die <a href=\"https:\/\/www.ub.fu-berlin.de\/service_neu\/ausstellung\/\">Apokalypse des Johannes ist das Thema der Ausstellung<\/a>, die das Kunsthistorische Institut und die Universit\u00e4tsbibliothek der Freien Universit\u00e4t Berlin im Foyer der Universit\u00e4tsbibliothek bis zum 16. Juli 2010 pr\u00e4sentieren.<\/p>\n<p>Gezeigt werden 28 Faksimiles kostbarer mittelalterlicher Handschriften und Inkunabeln, deren eindrucksvolle Bilder den Besuchern den Text durch ihre vielf\u00e4ltigen Imaginationen vermitteln. Die Exponate stammen gr\u00f6\u00dftenteils aus der Sammlung Detlef M. Noack, der sie dem Ausstellungsprojekt gro\u00dfz\u00fcgig zur Verf\u00fcgung gestellt hat. <\/p>\n<p>Der Katalog (ca. 250 Seiten, Preis 10 \u20ac) wird ab dem 03. Juni 2010 in der Universit\u00e4tsbibliothek und der Bibliothek des Kunsthistorischen Instituts der Freien Universit\u00e4t Berlin erh\u00e4ltlich sein. Bereits erschienen ist ein <a href=\"https:\/\/www.ub.fu-berlin.de\/service_neu\/ausstellung\/archiv\/weltende_flyer.pdf\">Flyer zur Ausstellung<\/a> im pdf-Format. <\/p>\n","protected":false},"excerpt":{"rendered":"<p>Die Apokalypse des Johannes ist das Thema der Ausstellung, die das Kunsthistorische Institut und die Universit\u00e4tsbibliothek der Freien Universit\u00e4t Berlin im Foyer der Universit\u00e4tsbibliothek bis zum 16. Juli 2010 pr\u00e4sentieren. Gezeigt werden 28 Faksimiles kostbarer mittelalterlicher Handschriften und Inkunabeln, deren eindrucksvolle Bilder den Besuchern den Text durch ihre vielf\u00e4ltigen Imaginationen vermitteln. Die Exponate stammen gr\u00f6\u00dftenteils &hellip; <a href=\"https:\/\/blogs.fu-berlin.de\/bibliotheken\/2010\/05\/07\/ausstellung-visionen-vom-weltende\/\" class=\"more-link\"><span class=\"screen-reader-text\">\u201eAusstellung: Visionen vom Weltende\u201c<\/span> weiterlesen<\/a><\/p>\n","protected":false},"author":265,"featured_media":0,"comment_status":"open","ping_status":"open","sticky":false,"template":"","format":"standard","meta":{"footnotes":""},"categories":[601,70],"tags":[1742,581,1741],"class_list":["post-5017","post","type-post","status-publish","format-standard","hentry","category-universitatsbibliothek","category-veranstaltungen","tag-apokalypse-handschriften","tag-ausstellung","tag-visionen-vom-ende"],"_links":{"self":[{"href":"https:\/\/blogs.fu-berlin.de\/bibliotheken\/wp-json\/wp\/v2\/posts\/5017","targetHints":{"allow":["GET"]}}],"collection":[{"href":"https:\/\/blogs.fu-berlin.de\/bibliotheken\/wp-json\/wp\/v2\/posts"}],"about":[{"href":"https:\/\/blogs.fu-berlin.de\/bibliotheken\/wp-json\/wp\/v2\/types\/post"}],"author":[{"embeddable":true,"href":"https:\/\/blogs.fu-berlin.de\/bibliotheken\/wp-json\/wp\/v2\/users\/265"}],"replies":[{"embeddable":true,"href":"https:\/\/blogs.fu-berlin.de\/bibliotheken\/wp-json\/wp\/v2\/comments?post=5017"}],"version-history":[{"count":4,"href":"https:\/\/blogs.fu-berlin.de\/bibliotheken\/wp-json\/wp\/v2\/posts\/5017\/revisions"}],"predecessor-version":[{"id":5021,"href":"https:\/\/blogs.fu-berlin.de\/bibliotheken\/wp-json\/wp\/v2\/posts\/5017\/revisions\/5021"}],"wp:attachment":[{"href":"https:\/\/blogs.fu-berlin.de\/bibliotheken\/wp-json\/wp\/v2\/media?parent=5017"}],"wp:term":[{"taxonomy":"category","embeddable":true,"href":"https:\/\/blogs.fu-berlin.de\/bibliotheken\/wp-json\/wp\/v2\/categories?post=5017"},{"taxonomy":"post_tag","embeddable":true,"href":"https:\/\/blogs.fu-berlin.de\/bibliotheken\/wp-json\/wp\/v2\/tags?post=5017"}],"curies":[{"name":"wp","href":"https:\/\/api.w.org\/{rel}","templated":true}]}}