{"id":5022,"date":"2010-05-10T15:28:06","date_gmt":"2010-05-10T14:28:06","guid":{"rendered":"https:\/\/blogs.fu-berlin.de\/bibliotheken\/?p=5022"},"modified":"2010-05-10T15:28:06","modified_gmt":"2010-05-10T14:28:06","slug":"grimm-zentrum-bekommt-architekturpreis","status":"publish","type":"post","link":"https:\/\/blogs.fu-berlin.de\/bibliotheken\/2010\/05\/10\/grimm-zentrum-bekommt-architekturpreis\/","title":{"rendered":"Grimm-Zentrum bekommt Architekturpreis"},"content":{"rendered":"<p>Der Bund Deutscher Architekten (BDA) hat am 8.5.2010 den <a href=\"https:\/\/www.bda-nike.de\/preistraeger\/nike-fuer-die-beste-stadtbauliche-interpretation\/preis\/jacob-und-wilhelm-grimm-zentrum-berlin-2.html\">Architekturpreis &#8222;Nike 2010 f\u00fcr die beste stadtbauliche Interpretation&#8220; <\/a>f\u00fcr das im letzten Jahr er\u00f6ffnete <a href=\"https:\/\/www.grimm-zentrum.hu-berlin.de\/\">Jacob-und-Wilhelm-Grimm-Zentrum<\/a> gleicherma\u00dfen an die Humboldt-Universit\u00e4t und an den Architekten Max Dudler verliehen.<br \/>\nZuvor wurde das Grimm-Zentrum bereits mit dem &#8222;BDA-Preis Berlin 2009&#8220; und dem &#8222;Architekturpreis Berlin 2009&#8220; ausgezeichnet.<\/p>\n<p>Die NutzerInnen scheinen den Bau auch zu m\u00f6gen! Wie der <a href=\"https:\/\/www.tagesspiegel.de\/wissen\/bibliothek-zu-voll-hu-quotiert-plaetze\/1805858.html\">Tagesspiegel<\/a> am 22.4.2010 berichtete, \u00fcberlegt die Bibliothek, ob eine Reservierung f\u00fcr eigene Studierende eine L\u00f6sung f\u00fcr die Platznot der Bibliothek sein k\u00f6nnte. Mit der Aktion &#8222;Parkscheiben&#8220; f\u00fcr maximal einst\u00fcndige Pausen hat man bereits versucht, die Platzbelegung zu effektivieren.<\/p>\n","protected":false},"excerpt":{"rendered":"<p>Der Bund Deutscher Architekten (BDA) hat am 8.5.2010 den Architekturpreis &#8222;Nike 2010 f\u00fcr die beste stadtbauliche Interpretation&#8220; f\u00fcr das im letzten Jahr er\u00f6ffnete Jacob-und-Wilhelm-Grimm-Zentrum gleicherma\u00dfen an die Humboldt-Universit\u00e4t und an den Architekten Max Dudler verliehen. Zuvor wurde das Grimm-Zentrum bereits mit dem &#8222;BDA-Preis Berlin 2009&#8220; und dem &#8222;Architekturpreis Berlin 2009&#8220; ausgezeichnet. Die NutzerInnen scheinen den &hellip; <a href=\"https:\/\/blogs.fu-berlin.de\/bibliotheken\/2010\/05\/10\/grimm-zentrum-bekommt-architekturpreis\/\" class=\"more-link\"><span class=\"screen-reader-text\">\u201eGrimm-Zentrum bekommt Architekturpreis\u201c<\/span> weiterlesen<\/a><\/p>\n","protected":false},"author":265,"featured_media":0,"comment_status":"open","ping_status":"open","sticky":false,"template":"","format":"standard","meta":{"footnotes":""},"categories":[599],"tags":[1632,1747,775],"class_list":["post-5022","post","type-post","status-publish","format-standard","hentry","category-bibliothekswesen","tag-architektur","tag-architekturpreis","tag-jacob-und-wilhelm-grimm-zentrum"],"_links":{"self":[{"href":"https:\/\/blogs.fu-berlin.de\/bibliotheken\/wp-json\/wp\/v2\/posts\/5022","targetHints":{"allow":["GET"]}}],"collection":[{"href":"https:\/\/blogs.fu-berlin.de\/bibliotheken\/wp-json\/wp\/v2\/posts"}],"about":[{"href":"https:\/\/blogs.fu-berlin.de\/bibliotheken\/wp-json\/wp\/v2\/types\/post"}],"author":[{"embeddable":true,"href":"https:\/\/blogs.fu-berlin.de\/bibliotheken\/wp-json\/wp\/v2\/users\/265"}],"replies":[{"embeddable":true,"href":"https:\/\/blogs.fu-berlin.de\/bibliotheken\/wp-json\/wp\/v2\/comments?post=5022"}],"version-history":[{"count":6,"href":"https:\/\/blogs.fu-berlin.de\/bibliotheken\/wp-json\/wp\/v2\/posts\/5022\/revisions"}],"predecessor-version":[{"id":5028,"href":"https:\/\/blogs.fu-berlin.de\/bibliotheken\/wp-json\/wp\/v2\/posts\/5022\/revisions\/5028"}],"wp:attachment":[{"href":"https:\/\/blogs.fu-berlin.de\/bibliotheken\/wp-json\/wp\/v2\/media?parent=5022"}],"wp:term":[{"taxonomy":"category","embeddable":true,"href":"https:\/\/blogs.fu-berlin.de\/bibliotheken\/wp-json\/wp\/v2\/categories?post=5022"},{"taxonomy":"post_tag","embeddable":true,"href":"https:\/\/blogs.fu-berlin.de\/bibliotheken\/wp-json\/wp\/v2\/tags?post=5022"}],"curies":[{"name":"wp","href":"https:\/\/api.w.org\/{rel}","templated":true}]}}