{"id":503,"date":"2009-04-08T15:12:09","date_gmt":"2009-04-08T14:12:09","guid":{"rendered":"https:\/\/blogs.fu-berlin.de\/bibliotheken\/?p=503"},"modified":"2009-04-08T15:13:47","modified_gmt":"2009-04-08T14:13:47","slug":"schlechte-geruche-in-der-ub-sollen-verschwinden","status":"publish","type":"post","link":"https:\/\/blogs.fu-berlin.de\/bibliotheken\/2009\/04\/08\/schlechte-geruche-in-der-ub-sollen-verschwinden\/","title":{"rendered":"Schlechte Ger\u00fcche in der UB sollen verschwinden"},"content":{"rendered":"<p>Vielleicht ist Ihnen das bereits auch schon &#8218;mal aufgefallen, dass es an manchen Tagen im Treppenhaus der UB schlecht (bis ekelig) riecht?! <\/p>\n<p>Die Bauabteilung ist dem Problem bereits vor einiger Zeit auf die Spur gekommen &#8211; es handelt sich um eine Hebeanlage f\u00fcr Abw\u00e4sser im Keller, die die Verursacherin ist.<\/p>\n<p>Problem erkannt &#8211; Geruch gebannt?!<\/p>\n<p>Im Prinzip &#8211; ja: Es ist geplant, ein Abluftrohr zu verl\u00e4ngern, damit die D\u00fcnste nicht in die UB, sondern hoch \u00fcber Dahlem hinausschweben &#8230; <\/p>\n<p>Und jetzt die gute Nachricht: Die Univerwaltung hat heute Baumassnahmen f\u00fcr Ende April angek\u00fcndigt. <\/p>\n","protected":false},"excerpt":{"rendered":"<p>Vielleicht ist Ihnen das bereits auch schon &#8218;mal aufgefallen, dass es an manchen Tagen im Treppenhaus der UB schlecht (bis ekelig) riecht?! Die Bauabteilung ist dem Problem bereits vor einiger Zeit auf die Spur gekommen &#8211; es handelt sich um eine Hebeanlage f\u00fcr Abw\u00e4sser im Keller, die die Verursacherin ist. Problem erkannt &#8211; Geruch gebannt?! &hellip; <a href=\"https:\/\/blogs.fu-berlin.de\/bibliotheken\/2009\/04\/08\/schlechte-geruche-in-der-ub-sollen-verschwinden\/\" class=\"more-link\"><span class=\"screen-reader-text\">\u201eSchlechte Ger\u00fcche in der UB sollen verschwinden\u201c<\/span> weiterlesen<\/a><\/p>\n","protected":false},"author":265,"featured_media":0,"comment_status":"open","ping_status":"open","sticky":false,"template":"","format":"standard","meta":{"footnotes":""},"categories":[601],"tags":[],"class_list":["post-503","post","type-post","status-publish","format-standard","hentry","category-universitatsbibliothek"],"_links":{"self":[{"href":"https:\/\/blogs.fu-berlin.de\/bibliotheken\/wp-json\/wp\/v2\/posts\/503","targetHints":{"allow":["GET"]}}],"collection":[{"href":"https:\/\/blogs.fu-berlin.de\/bibliotheken\/wp-json\/wp\/v2\/posts"}],"about":[{"href":"https:\/\/blogs.fu-berlin.de\/bibliotheken\/wp-json\/wp\/v2\/types\/post"}],"author":[{"embeddable":true,"href":"https:\/\/blogs.fu-berlin.de\/bibliotheken\/wp-json\/wp\/v2\/users\/265"}],"replies":[{"embeddable":true,"href":"https:\/\/blogs.fu-berlin.de\/bibliotheken\/wp-json\/wp\/v2\/comments?post=503"}],"version-history":[{"count":5,"href":"https:\/\/blogs.fu-berlin.de\/bibliotheken\/wp-json\/wp\/v2\/posts\/503\/revisions"}],"predecessor-version":[{"id":580,"href":"https:\/\/blogs.fu-berlin.de\/bibliotheken\/wp-json\/wp\/v2\/posts\/503\/revisions\/580"}],"wp:attachment":[{"href":"https:\/\/blogs.fu-berlin.de\/bibliotheken\/wp-json\/wp\/v2\/media?parent=503"}],"wp:term":[{"taxonomy":"category","embeddable":true,"href":"https:\/\/blogs.fu-berlin.de\/bibliotheken\/wp-json\/wp\/v2\/categories?post=503"},{"taxonomy":"post_tag","embeddable":true,"href":"https:\/\/blogs.fu-berlin.de\/bibliotheken\/wp-json\/wp\/v2\/tags?post=503"}],"curies":[{"name":"wp","href":"https:\/\/api.w.org\/{rel}","templated":true}]}}