{"id":506,"date":"2009-04-06T16:45:54","date_gmt":"2009-04-06T15:45:54","guid":{"rendered":"https:\/\/blogs.fu-berlin.de\/bibliotheken\/?p=506"},"modified":"2009-04-06T17:06:22","modified_gmt":"2009-04-06T16:06:22","slug":"offnungszeiten-der-ub-zu-ostern-2009","status":"publish","type":"post","link":"https:\/\/blogs.fu-berlin.de\/bibliotheken\/2009\/04\/06\/offnungszeiten-der-ub-zu-ostern-2009\/","title":{"rendered":"\u00d6ffnungszeiten der UB zu Ostern 2009"},"content":{"rendered":"<p><img loading=\"lazy\" decoding=\"async\" src=\"https:\/\/www.ub.fu-berlin.de\/image\/neue_homepage\/blog\/osterei.jpg\" width=\"150\" height=\"113\" align=\"right\" hspace=\"3\" vspace=\"3\">Die Universit\u00e4tsbibliothek (UB) hat um Ostern ganz &#8222;normale&#8220; <a href=\"https:\/\/www.ub.fu-berlin.de\/bibliothek\/\">\u00d6ffnungszeiten<\/a> &#8211; die gesetzlichen Feiertage sind allerdings Schlie\u00dftage. D. h. <strong>vom 10.-13. April 2009 ist die UB geschlossen<\/strong>, wie \u00fcbrigens ganz viele Bibliotheken an der Freien Universit\u00e4t.<\/p>\n<p>Also, jetzt schnell noch B\u00fccher besorgen, Benutzerkonto checken und Ausleihen verl\u00e4ngern.<br \/>\nWenn ein Titel in den n\u00e4chsten Tagen f\u00e4llig ist und nicht verl\u00e4ngert werden kann und die \u00d6ffnungszeiten der Leihstelle (Mo &#8211; Mi von 10-18, Do 10-19 Uhr) im Osterstress (?) nicht ausreichen, dann empfehlen wir die R\u00fcckgabek\u00e4sten im Haupteingang Garystr. 39. Sie sind immer ge\u00f6ffnet, wenn die UB geschlossen ist.<\/p>\n<p>Wir w\u00fcnschen allen wundersch\u00f6ne Osterfeiertage!<\/p>\n<h6> Foto &copy; flickr: Bluecherry1408. Vielen Dank!<\/h6>\n","protected":false},"excerpt":{"rendered":"<p>Die Universit\u00e4tsbibliothek (UB) hat um Ostern ganz &#8222;normale&#8220; \u00d6ffnungszeiten &#8211; die gesetzlichen Feiertage sind allerdings Schlie\u00dftage. D. h. vom 10.-13. April 2009 ist die UB geschlossen, wie \u00fcbrigens ganz viele Bibliotheken an der Freien Universit\u00e4t. Also, jetzt schnell noch B\u00fccher besorgen, Benutzerkonto checken und Ausleihen verl\u00e4ngern. Wenn ein Titel in den n\u00e4chsten Tagen f\u00e4llig ist &hellip; <a href=\"https:\/\/blogs.fu-berlin.de\/bibliotheken\/2009\/04\/06\/offnungszeiten-der-ub-zu-ostern-2009\/\" class=\"more-link\"><span class=\"screen-reader-text\">\u201e\u00d6ffnungszeiten der UB zu Ostern 2009\u201c<\/span> weiterlesen<\/a><\/p>\n","protected":false},"author":265,"featured_media":0,"comment_status":"open","ping_status":"open","sticky":false,"template":"","format":"standard","meta":{"footnotes":""},"categories":[601],"tags":[641],"class_list":["post-506","post","type-post","status-publish","format-standard","hentry","category-universitatsbibliothek","tag-offnungszeiten"],"_links":{"self":[{"href":"https:\/\/blogs.fu-berlin.de\/bibliotheken\/wp-json\/wp\/v2\/posts\/506","targetHints":{"allow":["GET"]}}],"collection":[{"href":"https:\/\/blogs.fu-berlin.de\/bibliotheken\/wp-json\/wp\/v2\/posts"}],"about":[{"href":"https:\/\/blogs.fu-berlin.de\/bibliotheken\/wp-json\/wp\/v2\/types\/post"}],"author":[{"embeddable":true,"href":"https:\/\/blogs.fu-berlin.de\/bibliotheken\/wp-json\/wp\/v2\/users\/265"}],"replies":[{"embeddable":true,"href":"https:\/\/blogs.fu-berlin.de\/bibliotheken\/wp-json\/wp\/v2\/comments?post=506"}],"version-history":[{"count":12,"href":"https:\/\/blogs.fu-berlin.de\/bibliotheken\/wp-json\/wp\/v2\/posts\/506\/revisions"}],"predecessor-version":[{"id":516,"href":"https:\/\/blogs.fu-berlin.de\/bibliotheken\/wp-json\/wp\/v2\/posts\/506\/revisions\/516"}],"wp:attachment":[{"href":"https:\/\/blogs.fu-berlin.de\/bibliotheken\/wp-json\/wp\/v2\/media?parent=506"}],"wp:term":[{"taxonomy":"category","embeddable":true,"href":"https:\/\/blogs.fu-berlin.de\/bibliotheken\/wp-json\/wp\/v2\/categories?post=506"},{"taxonomy":"post_tag","embeddable":true,"href":"https:\/\/blogs.fu-berlin.de\/bibliotheken\/wp-json\/wp\/v2\/tags?post=506"}],"curies":[{"name":"wp","href":"https:\/\/api.w.org\/{rel}","templated":true}]}}