{"id":5085,"date":"2010-05-14T08:47:28","date_gmt":"2010-05-14T07:47:28","guid":{"rendered":"https:\/\/blogs.fu-berlin.de\/bibliotheken\/?p=5085"},"modified":"2010-05-14T13:03:52","modified_gmt":"2010-05-14T12:03:52","slug":"neuer-prasident-fur-die-fu-berlin","status":"publish","type":"post","link":"https:\/\/blogs.fu-berlin.de\/bibliotheken\/2010\/05\/14\/neuer-prasident-fur-die-fu-berlin\/","title":{"rendered":"Neuer Pr\u00e4sident f\u00fcr die FU Berlin"},"content":{"rendered":"<p>Am vergangenen Mittwoch ist Prof. Dr. <a href=\"https:\/\/www.geisteswissenschaften.fu-berlin.de\/we04\/Mitarbeiter\/alt\/index.html\">Peter-Andr\u00e9 Alt<\/a> als Nachfolger von Dieter Lenzen zum neuen Pr\u00e4sidenten der Freien Universit\u00e4t Berlin gew\u00e4hlt worden. Der Literaturwissenschaftler und Leiter der <a href=\"https:\/\/www.fu-berlin.de\/sites\/en\/inu\/drs\/\">Dahlem Research School<\/a> hat selbst an der FU studiert und spricht im <a href=\"https:\/\/www.fu-berlin.de\/campusleben\/campus\/2010\/100512_interview_p_alt\/\">Interview mit campus.leben<\/a> \u00fcber \u00f6ffentliche Lehrproben, Kooperationskonzepte und F\u00fchrungsstil.<\/p>\n","protected":false},"excerpt":{"rendered":"<p>Am vergangenen Mittwoch ist Prof. Dr. Peter-Andr\u00e9 Alt als Nachfolger von Dieter Lenzen zum neuen Pr\u00e4sidenten der Freien Universit\u00e4t Berlin gew\u00e4hlt worden. Der Literaturwissenschaftler und Leiter der Dahlem Research School hat selbst an der FU studiert und spricht im Interview mit campus.leben \u00fcber \u00f6ffentliche Lehrproben, Kooperationskonzepte und F\u00fchrungsstil.<\/p>\n","protected":false},"author":293,"featured_media":0,"comment_status":"open","ping_status":"open","sticky":false,"template":"","format":"standard","meta":{"footnotes":""},"categories":[9],"tags":[74,1759,1760],"class_list":["post-5085","post","type-post","status-publish","format-standard","hentry","category-allgemein","tag-freie-universitat-berlin","tag-peter-andre-alt","tag-prasident"],"_links":{"self":[{"href":"https:\/\/blogs.fu-berlin.de\/bibliotheken\/wp-json\/wp\/v2\/posts\/5085","targetHints":{"allow":["GET"]}}],"collection":[{"href":"https:\/\/blogs.fu-berlin.de\/bibliotheken\/wp-json\/wp\/v2\/posts"}],"about":[{"href":"https:\/\/blogs.fu-berlin.de\/bibliotheken\/wp-json\/wp\/v2\/types\/post"}],"author":[{"embeddable":true,"href":"https:\/\/blogs.fu-berlin.de\/bibliotheken\/wp-json\/wp\/v2\/users\/293"}],"replies":[{"embeddable":true,"href":"https:\/\/blogs.fu-berlin.de\/bibliotheken\/wp-json\/wp\/v2\/comments?post=5085"}],"version-history":[{"count":6,"href":"https:\/\/blogs.fu-berlin.de\/bibliotheken\/wp-json\/wp\/v2\/posts\/5085\/revisions"}],"predecessor-version":[{"id":5091,"href":"https:\/\/blogs.fu-berlin.de\/bibliotheken\/wp-json\/wp\/v2\/posts\/5085\/revisions\/5091"}],"wp:attachment":[{"href":"https:\/\/blogs.fu-berlin.de\/bibliotheken\/wp-json\/wp\/v2\/media?parent=5085"}],"wp:term":[{"taxonomy":"category","embeddable":true,"href":"https:\/\/blogs.fu-berlin.de\/bibliotheken\/wp-json\/wp\/v2\/categories?post=5085"},{"taxonomy":"post_tag","embeddable":true,"href":"https:\/\/blogs.fu-berlin.de\/bibliotheken\/wp-json\/wp\/v2\/tags?post=5085"}],"curies":[{"name":"wp","href":"https:\/\/api.w.org\/{rel}","templated":true}]}}