{"id":5192,"date":"2010-05-31T10:52:31","date_gmt":"2010-05-31T09:52:31","guid":{"rendered":"https:\/\/blogs.fu-berlin.de\/bibliotheken\/?p=5192"},"modified":"2010-06-08T08:59:29","modified_gmt":"2010-06-08T07:59:29","slug":"auf-zur-klugsten-nacht-des-jahres","status":"publish","type":"post","link":"https:\/\/blogs.fu-berlin.de\/bibliotheken\/2010\/05\/31\/auf-zur-klugsten-nacht-des-jahres\/","title":{"rendered":"Auf zur kl\u00fcgsten Nacht des Jahres!"},"content":{"rendered":"<p>Am 5. Juni 2010 ist es wieder mal soweit. Von 17 &#8211; 1 Uhr wird die zehnte Lange Nacht der Wissenschaften in Berlin veranstaltet.<\/p>\n<p><img decoding=\"async\" src=\"https:\/\/www.fu-berlin.de\/sites\/langenacht\/_media\/logo_lndw2010.gif\" align=\"right\">Die Freie Universit\u00e4t ist mit 86 Einrichtungen dabei und bietet f\u00fcr kleine und gro\u00dfe Besucher ein umfangreiches <a href=\"https:\/\/www.fu-berlin.de\/sites\/langenacht\/\"> Programm mit Labor-Experimenten, F\u00fchrungen, Vortr\u00e4gen und Mitmach-Aktionen<\/a>, die interessante Einblicke in die Welt der  Wissenschaft erm\u00f6glichen (hier: <a href=\"https:\/\/www.fu-berlin.de\/sites\/langenacht\/2010\/media\/LNdW-2010-FU-Programm.pdf\">Programmheft zum Herunterladen<\/a> als pdf-Datei).<\/p>\n<p>Nat\u00fcrlich beteiligen sich auch einige Bibliotheken an der &#8222;kl\u00fcgsten Nacht des Jahres&#8220;. So zeigt die Universit\u00e4tsbibliothek die <a href=\"https:\/\/www.ub.fu-berlin.de\/service_neu\/ausstellung\/\">Ausstellung \u201eVisionen vom Weltende. Faksimiles mittelalterlicher Handschriften der Apokalypse aus der Sammlung Detlef M. Noack\u201c<\/a>, die zusammen mit WissenschaftlerInnen des Kunsthistorischen Instituts gestaltet wurde und befasst sich in diesem Zusammenhang mit dem Thema &#8222;Literarische Reproduktionen einst und heute: Faksimile, Nachdruck, Raubdruck, Digitalisat&#8220; (mehr dazu im <a href=\"https:\/\/www.fu-berlin.de\/sites\/langenacht\/2010\/programm\/service\/ub\/index.html\">Programm der Universit\u00e4tsbibliothek<\/a>).<br \/>\nNat\u00fcrlich gibt es auch wieder die beliebte F\u00fchrung mit Ausblick durch das sonst nicht zug\u00e4ngliche Magazin der UB unter dem Motto &#8222;\u00dcber den D\u00e4chern von Dahlem&#8220;.<\/p>\n<p>In der Philologischen Bibliothek findet eine <a href=\"https:\/\/www.fu-berlin.de\/sites\/langenacht\/2010\/programm\/sprache\/schlegel\/index.html\">Podiumsdiskussion zum Thema Kunst und (Pop-)Kultur<\/a> statt und Interessierte k\u00f6nnen sich mit Audioguides \u00fcber die Architektur der von Sir Norman Foster gestalteten Bibliothek informieren.<\/p>\n<p>Bei den Rechtswissenschaftlern kann man an F\u00fchrungen durch die Baustelle des Lesesaals teilnehmen, der im Oktober 2010 fertig gestellt sein soll.<\/p>\n<p>In der <a href=\"https:\/\/www.fu-berlin.de\/sites\/langenacht\/2010\/programm\/kulturen\/jfk\/index.html\">Bibliothek des John F.-Kennedy-Instituts f\u00fcr Nordamerikastudien<\/a> gibt es eine Ausstellung mit dem Titel &#8222;Americana &#8211; American Family Fotos&#8220; anzuschauen. Veranstaltet werden auch F\u00fchrungen durch die Bibliothek und im Salon &#8222;Poetry Talk&#8220;.<\/p>\n<p>Superspannend ist ganz sicher der <a href=\"https:\/\/www.fu-berlin.de\/sites\/langenacht\/2010\/programm\/altertum\/archiv\/index.html\">architekturhistorische Spaziergang auf dem Campus Dahlem, den das Universit\u00e4tsarchiv<\/a> anbietet.<\/p>\n<p>Neugierig geworden? Schauen Sie doch einfach mal vorbei!<\/p>\n","protected":false},"excerpt":{"rendered":"<p>Am 5. Juni 2010 ist es wieder mal soweit. Von 17 &#8211; 1 Uhr wird die zehnte Lange Nacht der Wissenschaften in Berlin veranstaltet. Die Freie Universit\u00e4t ist mit 86 Einrichtungen dabei und bietet f\u00fcr kleine und gro\u00dfe Besucher ein umfangreiches Programm mit Labor-Experimenten, F\u00fchrungen, Vortr\u00e4gen und Mitmach-Aktionen, die interessante Einblicke in die Welt der &hellip; <a href=\"https:\/\/blogs.fu-berlin.de\/bibliotheken\/2010\/05\/31\/auf-zur-klugsten-nacht-des-jahres\/\" class=\"more-link\"><span class=\"screen-reader-text\">\u201eAuf zur kl\u00fcgsten Nacht des Jahres!\u201c<\/span> weiterlesen<\/a><\/p>\n","protected":false},"author":265,"featured_media":0,"comment_status":"open","ping_status":"open","sticky":false,"template":"","format":"standard","meta":{"footnotes":""},"categories":[600,601,70],"tags":[1800],"class_list":["post-5192","post","type-post","status-publish","format-standard","hentry","category-fachbibliotheken","category-universitatsbibliothek","category-veranstaltungen","tag-lange-nacht-der-wissenschaften-2010"],"_links":{"self":[{"href":"https:\/\/blogs.fu-berlin.de\/bibliotheken\/wp-json\/wp\/v2\/posts\/5192","targetHints":{"allow":["GET"]}}],"collection":[{"href":"https:\/\/blogs.fu-berlin.de\/bibliotheken\/wp-json\/wp\/v2\/posts"}],"about":[{"href":"https:\/\/blogs.fu-berlin.de\/bibliotheken\/wp-json\/wp\/v2\/types\/post"}],"author":[{"embeddable":true,"href":"https:\/\/blogs.fu-berlin.de\/bibliotheken\/wp-json\/wp\/v2\/users\/265"}],"replies":[{"embeddable":true,"href":"https:\/\/blogs.fu-berlin.de\/bibliotheken\/wp-json\/wp\/v2\/comments?post=5192"}],"version-history":[{"count":28,"href":"https:\/\/blogs.fu-berlin.de\/bibliotheken\/wp-json\/wp\/v2\/posts\/5192\/revisions"}],"predecessor-version":[{"id":5328,"href":"https:\/\/blogs.fu-berlin.de\/bibliotheken\/wp-json\/wp\/v2\/posts\/5192\/revisions\/5328"}],"wp:attachment":[{"href":"https:\/\/blogs.fu-berlin.de\/bibliotheken\/wp-json\/wp\/v2\/media?parent=5192"}],"wp:term":[{"taxonomy":"category","embeddable":true,"href":"https:\/\/blogs.fu-berlin.de\/bibliotheken\/wp-json\/wp\/v2\/categories?post=5192"},{"taxonomy":"post_tag","embeddable":true,"href":"https:\/\/blogs.fu-berlin.de\/bibliotheken\/wp-json\/wp\/v2\/tags?post=5192"}],"curies":[{"name":"wp","href":"https:\/\/api.w.org\/{rel}","templated":true}]}}