{"id":5279,"date":"2010-06-02T21:57:04","date_gmt":"2010-06-02T20:57:04","guid":{"rendered":"https:\/\/blogs.fu-berlin.de\/bibliotheken\/?p=5279"},"modified":"2010-06-03T08:41:52","modified_gmt":"2010-06-03T07:41:52","slug":"marcel-reich-ranicki-wird-90","status":"publish","type":"post","link":"https:\/\/blogs.fu-berlin.de\/bibliotheken\/2010\/06\/02\/marcel-reich-ranicki-wird-90\/","title":{"rendered":"Marcel Reich-Ranicki wird 90"},"content":{"rendered":"<p><img loading=\"lazy\" decoding=\"async\" src=\"https:\/\/blogs.fu-berlin.de\/bibliotheken\/files\/2010\/06\/DD01-2010-06-03.jpg\" alt=\"\" title=\"DD01 2010-06-03\" width=\"137\" height=\"192\" align=\"right\" hspace=\"5\" vspace=\"5\" \/> Marcel Reich-Ranicki, geachteter und gef\u00fcrchteter Gro\u00dfmeister der deutschen Literaturkritik nach 1945, wird heute 90 Jahre alt. Wir gratulieren und erlauben uns bei dieser Gelegenheit den Hinweis auf die CD-ROM-Datenbank <a href=\"https:\/\/vs13.kobv.de\/V\/?func=find-db-1-title&amp;mode=titles&amp;azlist=N&amp;scan_utf=&amp;scan_start=quartett&amp;search_type=contains&amp;restricted=all\">&#8222;Das literarische Quartett&#8220;<\/a>, die unseren Nutzerinnen und Nutzern im Rahmen der <a href=\"https:\/\/digibib.fu-berlin.de\/\">Digitalen Bibliothek<\/a> der FU Berlin zur Verf\u00fcgung steht.<\/p>\n<p>Das beliebte &#8222;Literarische Quartett&#8220; wurde vom 25. M\u00e4rz 1988 bis zum 14. Dezember 2001 im ZDF ausgestrahlt. Ein jeweils wechselnder Gast bereicherte die feste Runde mit Marcel Reich-Ranicki, Hellmuth Karasek, Sigrid L\u00f6ffler und Iris Radisch als deren Nachfolgerin. Sechs Mal im Jahr diskutierte die Runde live im ZDF \u00fcber jeweils f\u00fcnf belletristische Neuerscheinungen oder aktuelle Wiederauflagen. Die Sendung wurde zu einem Wegweiser f\u00fcr literarische Erfolge und zu einem betr\u00e4chtlichen Marktfaktor f\u00fcr den Buchhandel. <\/p>\n<p>Die CD-ROM bietet die vollst\u00e4ndige Transkription aller 77 Sendungen des Literarischen Quartetts und enth\u00e4lt \u00fcber 16 Stunden mp3-Material im Originalton. Sie l\u00e4sst 13 Jahre zeitgen\u00f6ssische Literaturgeschichte wieder aufleben.<\/p>\n<p>Auszug:<\/p>\n<p>MR: Ja, heute, meine Damen und Herren, habe ich so ein Problem. Da gibt es so ein Buch im Hanser Verlag von Umberto Eco, Das Foucaultsche Pendel \u2013 ein Riesenerfolg! Auf dem ersten Platz der Bestsellerliste im Spiegel seit Wochen schon, und alle reden davon. Hunderttausende davon sind schon verkauft. Ich habe schon viele Leute getroffen, die es lesen, aber ich habe noch keinen Einzigen getroffen, der es zu Ende gelesen h\u00e4tte. Sagen Sie mir bitte, Frau L\u00f6ffler, was halten Sie davon?<\/p>\n<p>SL: Ja, also ich habe es zu Ende gelesen, und zwar in einem Zug, ich gebe das zu.<\/p>\n<p>HK: Wie lang war der Zug?<\/p>\n<p>[1990: Umberto Eco: Das Foucaultsche Pendel. Das Literarische Quartett, S. 602<br \/>\nhttps:\/\/www.digitale-bibliothek.de\/band126.htm]<\/p>\n","protected":false},"excerpt":{"rendered":"<p>Marcel Reich-Ranicki, geachteter und gef\u00fcrchteter Gro\u00dfmeister der deutschen Literaturkritik nach 1945, wird heute 90 Jahre alt. Wir gratulieren und erlauben uns bei dieser Gelegenheit den Hinweis auf die CD-ROM-Datenbank &#8222;Das literarische Quartett&#8220;, die unseren Nutzerinnen und Nutzern im Rahmen der Digitalen Bibliothek der FU Berlin zur Verf\u00fcgung steht. Das beliebte &#8222;Literarische Quartett&#8220; wurde vom 25. &hellip; <a href=\"https:\/\/blogs.fu-berlin.de\/bibliotheken\/2010\/06\/02\/marcel-reich-ranicki-wird-90\/\" class=\"more-link\"><span class=\"screen-reader-text\">\u201eMarcel Reich-Ranicki wird 90\u201c<\/span> weiterlesen<\/a><\/p>\n","protected":false},"author":267,"featured_media":0,"comment_status":"open","ping_status":"open","sticky":false,"template":"","format":"standard","meta":{"footnotes":""},"categories":[457,603],"tags":[1808,1807],"class_list":["post-5279","post","type-post","status-publish","format-standard","hentry","category-digitale-bibliothek","category-vorgestellt","tag-das-literarische-quartett","tag-marcel-reich-ranicki"],"_links":{"self":[{"href":"https:\/\/blogs.fu-berlin.de\/bibliotheken\/wp-json\/wp\/v2\/posts\/5279","targetHints":{"allow":["GET"]}}],"collection":[{"href":"https:\/\/blogs.fu-berlin.de\/bibliotheken\/wp-json\/wp\/v2\/posts"}],"about":[{"href":"https:\/\/blogs.fu-berlin.de\/bibliotheken\/wp-json\/wp\/v2\/types\/post"}],"author":[{"embeddable":true,"href":"https:\/\/blogs.fu-berlin.de\/bibliotheken\/wp-json\/wp\/v2\/users\/267"}],"replies":[{"embeddable":true,"href":"https:\/\/blogs.fu-berlin.de\/bibliotheken\/wp-json\/wp\/v2\/comments?post=5279"}],"version-history":[{"count":5,"href":"https:\/\/blogs.fu-berlin.de\/bibliotheken\/wp-json\/wp\/v2\/posts\/5279\/revisions"}],"predecessor-version":[{"id":5284,"href":"https:\/\/blogs.fu-berlin.de\/bibliotheken\/wp-json\/wp\/v2\/posts\/5279\/revisions\/5284"}],"wp:attachment":[{"href":"https:\/\/blogs.fu-berlin.de\/bibliotheken\/wp-json\/wp\/v2\/media?parent=5279"}],"wp:term":[{"taxonomy":"category","embeddable":true,"href":"https:\/\/blogs.fu-berlin.de\/bibliotheken\/wp-json\/wp\/v2\/categories?post=5279"},{"taxonomy":"post_tag","embeddable":true,"href":"https:\/\/blogs.fu-berlin.de\/bibliotheken\/wp-json\/wp\/v2\/tags?post=5279"}],"curies":[{"name":"wp","href":"https:\/\/api.w.org\/{rel}","templated":true}]}}